{"provider_url": "https://www.montesclaros.mg.leg.br", "title": "Programas", "html": "<p><strong>DIRETO DO PLEN\u00c1RIO</strong><br />Transmiss\u00e3o, ao vivo, da Sess\u00e3o Ordin\u00e1ria da C\u00e2mara Municipal de Montes Claros.\u00a0O programa vai ao ar em edi\u00e7\u00e3o in\u00e9dita ter\u00e7as e quintas-feiras, das 7h30 \u00e0s 12h, com reprise na sexta-feira \u00e0s 18h.</p>\r\n<p>A playlist dos programas est\u00e1 dispon\u00edvel em:\u00a0<b><a class=\"external-link\" href=\"https://bit.ly/3IkNVPC\" target=\"_self\" title=\"\">https://bit.ly/3IkNVPC</a></b></p>\r\n<p><strong><br /></strong></p>\r\n<p><strong>CAF\u00c9 COM O PRESIDENTE</strong><br />Entrevista com o Presidente da C\u00e2mara Municipal de Montes Claros, que comenta sobre os assuntos que foram pauta na Rede de Comunica\u00e7\u00e3o da C\u00e2mara ao longo da semana, e o que est\u00e1 programado para a semana seguinte. O programa vai ao ar em edi\u00e7\u00e3o in\u00e9dita toda sexta-feira, das 8h30 \u00e0s 9h, com reprise \u00e0s 18h.</p>\r\n<p>A playlist dos programas est\u00e1 dispon\u00edvel em:\u00a0<b><a class=\"external-link\" href=\"https://bit.ly/3rwaM3U\" target=\"_self\" title=\"\">https://bit.ly/3rwaM3U</a></b></p>\r\n<p><strong><br /></strong></p>\r\n<p><strong>C\u00c2MARA PLAY</strong><br />O programa C\u00e2mara Play abre espa\u00e7o para divulgar, discutir e fomentar quem produz, cria e movimenta a cena cultural de Montes Claros e regi\u00e3o. O programa vai ao ar em edi\u00e7\u00e3o in\u00e9dita toda sexta-feira, \u00e0s 19 horas, com reprises aos s\u00e1bados e domingos em dois hor\u00e1rios: \u00e0s 11h30 e \u00e0s 19h.</p>\r\n<p>A playlist dos programas est\u00e1 dispon\u00edvel em:<b>\u00a0<a class=\"external-link\" href=\"https://bit.ly/32jE1OU\" target=\"_self\" title=\"\">https://bit.ly/32jE1OU</a></b></p>\r\n<p><span><br /></span></p>\r\n<p><strong><span>C\u00c2MARA PLAY</span></strong></p>\r\n<p>O programa C\u00e2mara Play abre espa\u00e7o para divulgar, discutir e fomentar quem produz, cria e movimenta a cena cultural de Montes Claros e regi\u00e3o. O programa vai ao ar em edi\u00e7\u00e3o in\u00e9dita toda sexta-feira, \u00e0s 19 horas, com reprises aos s\u00e1bados e domingos em dois hor\u00e1rios: \u00e0s 11h30 e \u00e0s 19h.</p>\r\n<p>A playlist dos programas est\u00e1 dispon\u00edvel em:\u00a0<b>\u00a0<a class=\"external-link\" href=\"https://bit.ly/3FPSCPA\" target=\"_self\" title=\"\">https://bit.ly/3FPSCPA</a></b></p>\r\n<p>\u00a0</p>\r\n<p><strong>ESCOLA DO LEGISLATIVO</strong><br />Oficinas, cursos e palestras realizadas pela Escola do Legislativo da C\u00e2mara Municipal de Montes Claros, com transmiss\u00e3o ao vivo, direto do Plen\u00e1rio da C\u00e2mara. O programa vai ao ar toda quarta-feira, das 15h \u00e0s 17h.</p>\r\n<p>A playlist dos programas est\u00e1 dispon\u00edvel em:\u00a0<b><a class=\"external-link\" href=\"https://bit.ly/3qGjq0m\" target=\"_self\" title=\"\">https://bit.ly/3qGjq0m</a></b></p>\r\n<p>\u00a0</p>\r\n<p><strong>ESCOLA NA TV</strong><br />As aulas para os estudantes da escola b\u00e1sica produzidas pela Secretaria Municipal de Educa\u00e7\u00e3o. As aulas s\u00e3o transmitidas diariamente em quatro hor\u00e1rios: \u00e0s 7h, \u00e0s 10h, \u00e0s 13h e \u00e0s 16h.</p>\r\n<p>A playlist dos programas est\u00e1 dispon\u00edvel em:<a class=\"external-link\" href=\"https://bit.ly/3sAlJDe\" target=\"_self\" title=\"\"> https://bit.ly/3sAlJDe</a></p>\r\n<p>\u00a0</p>\r\n<p><strong>VOC\u00ca SABIA?</strong><br />O programa \"Voc\u00ea Sabia?\" traz informa\u00e7\u00f5es sobre o trabalho parlamentar na C\u00e2mara Municipal de Montes Claros.</p>\r\n<p>A playlist dos programas est\u00e1 dispon\u00edvel em: <a class=\"external-link\" href=\"https://bit.ly/36LubHc\" target=\"_self\" title=\"\">https://bit.ly/36LubHc</a></p>\r\n<p>\u00a0</p>\r\n<p><strong>HOJE \u00c9 DIA DE QU\u00ca?</strong><br />S\u00e9rie produzida pela TV C\u00e2mara para apresentar as datas comemorativas institu\u00eddas por lei municipal em Montes Claros. Al\u00e9m de informar sobre o calend\u00e1rio municipal, a iniciativa tamb\u00e9m tem o objetivo de valorizar a a\u00e7\u00e3o parlamentar ao longo desses 190 anos.</p>\r\n<p>A playlist dos programas est\u00e1 dispon\u00edvel em: <a class=\"external-link\" href=\"https://bit.ly/35KChiL\" target=\"_self\" title=\"\">https://bit.ly/35KChiL</a></p>\r\n<p>\u00a0</p>\r\n<p><b>\u00a0</b></p>\r\n<p><b>\u00a0</b></p>\r\n<p><b>\u00a0</b></p>\r\n<p><b>\u00a0</b></p>\r\n<div id=\"gtx-trans\">\r\n<div class=\"gtx-trans-icon\"></div>\r\n</div>", "author_name": "", "version": "1.0", "author_url": "https://www.montesclaros.mg.leg.br/author/adm", "provider_name": "Montes Claros", "type": "rich"}