{"provider_url": "https://www.montesclaros.mg.leg.br", "title": "Vereadores solicitam servi\u00e7o de drenagem", "html": "<p style=\"text-align: justify; \">Por Christine Antonini</p>\r\n<p style=\"text-align: justify; \">Diversos bairros ficaram alagados, ap\u00f3s as fortes chuvas que ocorreram em Montes Claros no \u00faltimo fim de semana. Em algumas regi\u00f5es, a \u00e1gua chegou a entrar dentro das resid\u00eancias, o que preocupou os vereadores da C\u00e2mara Municipal. O assunto foi debatido durante a sess\u00e3o ordin\u00e1ria desta ter\u00e7a-feira (26/11).</p>\r\n<p style=\"text-align: justify; \">O vereador Igor Dias (PRD) cobrou o servi\u00e7o de drenagem no Canelas II, uma vez que o bairro sempre alaga quando chove. O vereador destacou que o n\u00edvel de \u00e1gua do canal que passa pelo bairro ficou acima do normal, levando lama para as casas.</p>\r\n<p style=\"text-align: justify; \">\u201cMesmo com os moradores colocando barreiras de prote\u00e7\u00e3o, houve destrui\u00e7\u00e3o de casas. \u00c9 uma miss\u00e3o dif\u00edcil, pois, contra a natureza n\u00e3o podemos brigar. Entretanto, precisamos de uma resposta da Administra\u00e7\u00e3o para saber se existe alguma solu\u00e7\u00e3o para o problema\u201d, enfatizou Igor Dias.</p>\r\n<p style=\"text-align: justify; \">Segundo a vereadora Gra\u00e7a da Casa do Motor (Uni\u00e3o), todos os anos os moradores dos bairros, Vit\u00f3ria I e II e no Raul Louren\u00e7o, Cidade Industrial, sofrem com alagamentos que acabam invadindo as casas e danificando resid\u00eancias e os m\u00f3veis, trazendo grandes preju\u00edzos.</p>\r\n<p style=\"text-align: justify; \">O vereador Odair Ferreira (Uni\u00e3o) tamb\u00e9m falou sobre as enchentes que atingiram diversos bairros pela cidade. Ele destacou o bairro Novo Delfino onde v\u00e1rias casas foram alagadas, principalmente aquelas que ficam \u00e0 margem de um c\u00f3rrego.</p>\r\n<p style=\"text-align: justify; \">\u00a0No bairro Monte Carmelo, o vereador Valdecy Contador (PP) solicitou o servi\u00e7o de drenagem. De acordo com o parlamentar, o bairro Pampulha e regi\u00e3o tamb\u00e9m sofrem durante o per\u00edodo chuvoso com enchentes.</p>\r\n<p style=\"text-align: justify; \">\u201cAl\u00e9m desses bairros, moradores do JK e Raul Louren\u00e7o foram prejudicados, por isso, pedimos a reforma da avenida Mil que evitar\u00e1 esses alagamentos\u201d, afirmou o vereador.</p>\r\n<p style=\"text-align: justify; \">O vereador Edson Cabeleireiro (PV) falou sobre a necessidade de drenagem no bairro Santa Rafaela. De acordo com ele, ap\u00f3s a conclus\u00e3o do anel rodovi\u00e1rio, todo escoamento cai no Santa Rafaela, deixando os moradores ilhados.</p>\r\n<p style=\"text-align: justify; \">\u201cMuitos tiveram que esperar a \u00e1gua baixar para voltar \u00e0s suas resid\u00eancias\u201d, disse o parlamentar.</p>\r\n<p style=\"text-align: justify; \">Na zona rural, a situa\u00e7\u00e3o n\u00e3o foi diferente. Devido \u00e0s chuvas intensas, as estradas ficaram alagadas e crateras foram abertas nas vias. O vereador Marcos Nem solicitou reformas nas estradas que d\u00e3o acesso \u00e0s comunidades de Alphaville e Plazza \u2013 com o trecho danificado, o transporte escolar n\u00e3o consegue trafegar.</p>\r\n<p style=\"text-align: justify; \">As reivindica\u00e7\u00f5es dos parlamentares foram levadas ao prefeito Humberto Souto e \u00e0s secretarias pertinentes.</p>\r\n<p style=\"text-align: justify; \">\u00a0</p>\r\n<p style=\"text-align: justify; \">\u00a0</p>\r\n<p align=\"justify\" style=\"text-align: justify; \"><span><span><span><span><span><i><span><span>______________________________________________</span></span></i></span></span></span></span></span></p>\r\n<p align=\"left\" style=\"text-align: justify; \"><span><span><span><span><span><span><b><span>C\u00e2mara Municipal de Montes Claros</span></b></span></span></span></span></span></span><span><span><span><span><span><span><span><span><br /> Assessoria de Comunica\u00e7\u00e3o Social<br /> Contatos:(38) 3690-5504 | 3690-5506 \u2013\u00a0</span></span></span></span></span></span></span></span><a href=\"mailto:ascom@montesclaros.mg.leg.br\"><span><span><span><span><span><span><span><span>ascom@montesclaros.mg.leg.br</span></span></span></span></span></span></span></span></a><span><span><span><span><span><span><span><span><br /> Facebook:\u00a0</span></span></span></span></span></span></span></span><a href=\"http://www.facebook.com/camaramoc\" target=\"_blank\"><span><span><span><span><span><span><span><span>www.facebook.com/camaramoc</span></span></span></span></span></span></span></span></a><span><span><span><span><span><span><span><span><br /> Twitter: https<a href=\"https://twitter.com/camaramoc\" target=\"_blank\">://twitter.com/camaramoc</a><br /> Instagram: www.</span></span></span></span></span></span></span></span><a href=\"http://www.instagram.com/camaramoc\" target=\"_blank\"><span><span><span><span><span><span><span><span>instagram.com/camaramoc</span></span></span></span></span></span></span></span></a><span><span><span><span><span><span><span><span><br /> Site:\u00a0</span></span></span></span></span></span></span></span><a href=\"https://montesclaros.mg.leg.br/\" target=\"_blank\"><span><span><span><span><span><span><span><span>https://montesclaros.mg.leg.br</span></span></span></span></span></span></span></span></a></p>\r\n<p style=\"text-align: justify; \">\u00a0</p>", "author_name": "", "version": "1.0", "author_url": "https://www.montesclaros.mg.leg.br/author/cristine", "provider_name": "Montes Claros", "type": "rich"}