{"provider_url": "https://www.montesclaros.mg.leg.br", "title": "Vereadores solicitam melhorias em vias", "html": "<p style=\"text-align: justify; \">POR CHRISTINE ANTONINI </p>\r\n<div class=\"Ar Au Ao\" id=\":165\" style=\"text-align: justify; \">\r\n<div class=\"Am Al editable LW-avf tS-tW tS-tY\" id=\":161\">\r\n<p>Durante a sess\u00e3o ordin\u00e1ria desta ter\u00e7a-feira (23), os vereadores da C\u00e2mara de Montes Claros, solicitaram servi\u00e7o de drenagem, melhorias nas estradas, das estradas rurais antes que inicie o per\u00edodo chuvoso. A pavimenta\u00e7\u00e3o asf\u00e1ltica de ruas da \u00e1rea urbana tamb\u00e9m fez parte dos pedidos.</p>\r\n<p>O vereador Eldair Samambaia (PSD) pediu reforma da estrada de Canoas, mais precisamente no povoado de \u201cMata Fome\u201d. De acordo com o parlamentar, a estrada est\u00e1 t\u00e3o cr\u00edtica que \u00e9 imposs\u00edvel o tr\u00e2nsito de carros e \u00f4nibus escolares. \u201cPe\u00e7o ao secret\u00e1rio municipal de Agricultura, Osmani Barbosa, para verificar a situa\u00e7\u00e3o e autorizar a ordem de servi\u00e7o naquela regi\u00e3o\u201d, reivindicou o vereador.</p>\r\n<p>Em visita ao bairro Doutor Jo\u00e3o Alves, o vereador Raimundo do INSS (PDT) ouviu dos moradores as demandas daquele local\u2014 uma das principais reivindica\u00e7\u00f5es \u00e9 a falta de pavimenta\u00e7\u00e3o asf\u00e1ltica. \u201cS\u00e3o pequenas ruas e becos que precisam de asfalto. Outro problema enfrentado no bairro \u00e9 a falta da rede de esgoto\u201d, pontuou o parlamentar.</p>\r\n<p>O vereador Elair Gomes (MDB) cobrou o servi\u00e7o de drenagem no bairro Santa Rita e nas ruas Jo\u00e3o Pereira Lima e Cl\u00e1udio Fernando Cadete, no bairro Vera Cruz. \u201cAs chuvas est\u00e3o chegando e toda vez, durante esse per\u00edodo, os moradores desses bairros sofrem com enchentes\u201d, ressaltou Gomes.</p>\r\n<p>Tamb\u00e9m foi solicitado o servi\u00e7o de drenagem na rua Quinca Souto no bairro Dona Greg\u00f3ria \u2013 a reivindica\u00e7\u00e3o \u00e9 do vereador Reinaldo Carrapicho (PRB). \u201cAtrav\u00e9s de requerimento, conseguimos que fossem tapados os buracos da via. Mas, nossa preocupa\u00e7\u00e3o \u00e9 que o per\u00edodo chuvoso est\u00e1 para chegar, por isso existe a urg\u00eancia desse servi\u00e7o\u201d, destacou o vereador.</p>\r\n<p>\u00a0</p>\r\n<p>________________________________________<br /><strong>C\u00e2mara Municipal de Montes Claros</strong><br />Assessoria de Comunica\u00e7\u00e3o Social<br />Contatos:(38) 3690-5504 | 3690-5506 \u2013 <a class=\"email-link\" href=\"mailto:ascom@montesclaros.mg.leg.br\" target=\"_self\" title=\"\">ascom@montesclaros.mg.leg.br</a><br />Facebook: <a class=\"external-link\" href=\"http://www.facebook.com/camaramoc\" target=\"_blank\" title=\"\">www.facebook.com/camaramoc</a><br />Twitter: <a class=\"external-link\" href=\"https://twitter.com/camaramoc\" target=\"_blank\" title=\"\">https://twitter.com/camaramoc</a><br />Instagram: <a class=\"external-link\" href=\"http://www.instagram.com/camaramoc\" target=\"_blank\" title=\"\">www.instagram.com/camaramoc</a><br /><a class=\"external-link\" href=\"https://montesclaros.mg.leg.br\" target=\"_blank\" title=\"\">https://montesclaros.mg.leg.br</a></p>\r\n</div>\r\n</div>", "author_name": "", "version": "1.0", "author_url": "https://www.montesclaros.mg.leg.br/author/cristine", "provider_name": "Montes Claros", "type": "rich"}