{"provider_url": "https://www.montesclaros.mg.leg.br", "title": "Vereadores pedem fim do lix\u00e3o no Canelas ", "html": "<p align=\"justify\" class=\"western\"><span><span><span><i><span>Por Gissele Niza </span></i></span></span></span></p>\r\n<p align=\"justify\" class=\"western\">\u00a0</p>\r\n<p align=\"justify\" class=\"western\"><span><span><span><span><span>No cen\u00e1rio urbano do bairro Canelas, uma preocupa\u00e7\u00e3o crescente tem dominado as discuss\u00f5es entre os moradores. O motivo? Um lix\u00e3o que n\u00e3o apenas representa uma amea\u00e7a evidente ao meio ambiente, mas tamb\u00e9m se tornou um ref\u00fagio para usu\u00e1rios de drogas, levantando s\u00e9rias preocupa\u00e7\u00f5es sobre sa\u00fade p\u00fablica e seguran\u00e7a.</span></span></span></span></span></p>\r\n<p align=\"justify\" class=\"western\"><span><span><span><span><span>O problema foi levado \u00e0 tribuna da C\u00e2mara Municipal de Montes Claros, na sess\u00e3o ordin\u00e1ria desta ter\u00e7a-feira (04/06). O primeiro-secret\u00e1rio da Mesa Diretora, vereador Igor Dias (PRB) pontuou que o local virou ponto de descarte de v\u00edsceras, de animais mortos, al\u00e9m de abrigar usu\u00e1rios de drogas. </span></span></span></span></span></p>\r\n<p align=\"justify\" class=\"western\"><span><span><span><span><span>\"O que estamos testemunhando ali \u00e9 uma crise em c\u00e2mera lenta. O lix\u00e3o n\u00e3o apenas agride visualmente nosso bairro, mas tamb\u00e9m \u00e9 uma bomba-rel\u00f3gio em termos de sa\u00fade p\u00fablica. Existem moradores saindo de suas casas com medo de problemas respirat\u00f3rios, porque pessoas de m\u00e1-f\u00e9 colocam fogo no local e fica insuport\u00e1vel permanecer no bairro. A presen\u00e7a de usu\u00e1rios de drogas s\u00f3 agrava essa situa\u00e7\u00e3o, expondo nossa comunidade a riscos incalcul\u00e1veis\", afirmou.</span></span></span></span></span></p>\r\n<p align=\"justify\" class=\"western\"><span><span><span><span><span>A vice-presidente da Casa, vereadora Maria Helena Lopes (MDB), alertou que \u00e9 fundamental reconhecer os perigos que um lix\u00e3o representa para todos. \"\u00c9 alarmante ver como a situa\u00e7\u00e3o se deteriorou. Al\u00e9m dos perigos \u00f3bvios para a sa\u00fade, tamb\u00e9m estamos vendo o perigo de iminentes crimes relacionados a drogas. Os moradores est\u00e3o vivendo com medo, e isso \u00e9 inaceit\u00e1vel.\"</span></span></span></span></span></p>\r\n<p align=\"justify\" class=\"western\"><span><span><span><span><span>Para o vereador Cl\u00e1udio Rodrigues (Cidadania) medidas urgentes devem ser tomadas para resolver o problema do lix\u00e3o. \"O fim dos lix\u00f5es \u00e9 de suma import\u00e2ncia n\u00e3o apenas para a preserva\u00e7\u00e3o do meio ambiente, mas tamb\u00e9m para a prote\u00e7\u00e3o da sa\u00fade p\u00fablica, uma vez que contribuem significativamente para a contamina\u00e7\u00e3o do solo, da \u00e1gua e do ar, al\u00e9m de serem locais prop\u00edcios para a dissemina\u00e7\u00e3o de doen\u00e7a\". </span></span></span></span></span></p>\r\n<p align=\"justify\" class=\"western\">\u00a0</p>\r\n<p align=\"justify\" class=\"western\"><span><span><span><span>___________________________</span></span></span></span></p>\r\n<p align=\"left\" class=\"western\"><span><span><span><span><span><span><b>C\u00e2mara Municipal de Montes Claros</b></span></span></span></span></span></span><span><span><span><span><span><span><span><br /> Assessoria de Comunica\u00e7\u00e3o Social<br /> Contatos:(38) 3690-5504 | 3690-5506 \u2013</span></span></span></span></span></span></span><span><span><a href=\"mailto:ascom@montesclaros.mg.leg.br\" target=\"_blank\"><span><span><span><span><span><span><span><span><span>ascom@montesclaros.mg.leg.br</span></span></span></span></span></span></span></span></span></a></span></span><span><span><span><span><span><span><span><br /> Facebook: </span></span></span></span></span></span></span><span><span><a href=\"http://www.facebook.com/camaramoc\" target=\"_blank\"><span><span><span><span><span><span><span><span><span>www.facebook.com/camaramoc</span></span></span></span></span></span></span></span></span></a></span></span><span><span><span><span><span><span><span><br /> Twitter: </span></span></span></span></span></span></span><span><span><a href=\"https://twitter.com/camaramoc\" target=\"_blank\"><span><span><span><span><span><span><span><span><span>https://twitter.com/camaramoc</span></span></span></span></span></span></span></span></span></a></span></span><span><span><span><span><span><span><span><br /> Instagram: </span></span></span></span></span></span></span><span><span><a href=\"http://www.instagram.com/camaramoc\" target=\"_blank\"><span><span><span><span><span><span><span><span><span>www.instagram.com/camaramoc</span></span></span></span></span></span></span></span></span></a></span></span><span><span><span><span><span><span><span><br /> </span></span></span></span></span></span></span><span><span><a href=\"https://montesclaros.mg.leg.br/\" target=\"_blank\"><span><span><span><span><span><span><span><span><span>https://montesclaros.mg.leg.br</span></span></span></span></span></span></span></span></span></a></span></span><span><span><span><span> </span></span></span></span></p>", "author_name": "", "version": "1.0", "author_url": "https://www.montesclaros.mg.leg.br/author/gisseleoliveira", "provider_name": "Montes Claros", "type": "rich"}