{"provider_url": "https://www.montesclaros.mg.leg.br", "title": "Vereadores destacam campeonatos rurais", "html": "<p><span>Por Arthur\u00a0 Amorim Jr.</span></p>\r\n<p style=\"text-align: justify; \"><span>A \u00e1rea esportiva de Montes Claros, com enfoque aos campeonatos rurais amadores, de futebol de campo e de sal\u00e3o, al\u00e9m da instala\u00e7\u00e3o de academias ao ar livre e recupera\u00e7\u00e3o de quadra poliesportiva, mereceu destaque por parte dos vereadores na reuni\u00e3o da C\u00e2mara Municipal, de ter\u00e7a-feira (18).</span></p>\r\n<p style=\"text-align: justify; \"><span>A vereadora Gra\u00e7a da Casa do Motor (Uni\u00e3o) anunciou o Campeonato Rural de Montes Claros, com os jogos acontecendo todos os finais de semana, com a final prevista para acontecer no domingo, 22/09. O evento, segundo a parlamentar, \u00e9 mais uma op\u00e7\u00e3o de lazer na \u00e1rea rural, fortalecendo a coopera\u00e7\u00e3o, a integra\u00e7\u00e3o e favorecendo as amizades. </span></p>\r\n<p style=\"text-align: justify; \"><span>O vereador Reinaldo Carrapicho (PSD) tamb\u00e9m comentou sobre o evento esportivo e a sua import\u00e2ncia, como forma de manter viva a pr\u00e1tica do esporte nas comunidades rurais, em torno de um objetivo em comum, de unir as pessoas, proporcionando amizade e confraterniza\u00e7\u00e3o. </span></p>\r\n<p style=\"text-align: justify; \"><span>O presidente da Casa, vereador Junior Martins (PP) destacou o tradicional Campeonato Interno de Futebol de Campo, do Grande Renascen\u00e7a, que teve a sua final, no domingo (16), no campo da Cooperativa, onde esteve presente juntamente com o vice-prefeito Guilherme Guimar\u00e3es (Uni\u00e3o) e a secret\u00e1ria de Esporte, Juliana Peixoto. Informou ainda que, acompanhado do deputado Gil Pereira (PSD), conferiram as melhorias que est\u00e3o sendo realizadas no campo do Cruzeirinho. </span></p>\r\n<p style=\"text-align: justify; \"><span>O parlamentar lembrou ainda que a reforma do campo do Floresta \u00e9 outra demanda que tamb\u00e9m est\u00e1 atuando, em busca da instala\u00e7\u00e3o de um alambrado para melhorar a sua est\u00e9tica. O pedido do segundo-secret\u00e1rio da Casa, vereador Wilton Dias (Avante) junto a Secretaria de Esporte, e de apoiar a equipe de futsal do Carl\u00e3o, como forma de reconhecer o esfor\u00e7o, as conquistas, o desempenho, a dedica\u00e7\u00e3o e a garra das atletas que levam o nome de Montes Claros em outras cidades e estados.</span></p>\r\n<p style=\"text-align: justify; \"><span> A instala\u00e7\u00e3o da Academia ao Ar Livre na pra\u00e7a do bairro Cidade Nova foi a reivindica\u00e7\u00e3o feita pelo primeiro-secret\u00e1rio da Casa, vereador Igor Dias (PRD)</span></p>", "author_name": "", "version": "1.0", "author_url": "https://www.montesclaros.mg.leg.br/author/rayhanne.tallis", "provider_name": "Montes Claros", "type": "rich"}