{"provider_url": "https://www.montesclaros.mg.leg.br", "title": "Vereadores cobram pavimenta\u00e7\u00e3o asf\u00e1ltica", "html": "<p style=\"text-align: justify; \"><em>Por Christine Antonini</em></p>\r\n<p style=\"text-align: justify; \">A C\u00e2mara de Vereadores aprovou 14 requerimentos nesta ter\u00e7a-feira (19/8), em sess\u00e3o realizada na sede do Legislativo municipal. Entre eles, destacam-se uma mo\u00e7\u00e3o de apoio a iniciativas de interesse p\u00fablico e um anteprojeto de lei que dever\u00e1 tramitar nas pr\u00f3ximas fases do processo legislativo. A maioria dos requerimentos aprovados, solicitam melhorias de infraestrutura em diversos pontos da cidade, especialmente pavimenta\u00e7\u00e3o asf\u00e1ltica.</p>\r\n<p style=\"text-align: justify; \">De iniciativa do presidente da Casa, vereador Junior Martins (PP), of\u00edcio solicita asfaltamento da via localizada \u00e0 margem da linha f\u00e9rrea, nas proximidades do Parque de Exposi\u00e7\u00f5es \u2013 trecho entre os bairros Alcides Rabelo e Vila Exposi\u00e7\u00e3o. Segundo o vereador, a falta de pavimenta\u00e7\u00e3o tem causado transtornos constantes, especialmente em per\u00edodos de chuva, comprometendo a mobilidade, a seguran\u00e7a e a sa\u00fade das fam\u00edlias locais. \u201cA pavimenta\u00e7\u00e3o asf\u00e1ltica trar\u00e1 benef\u00edcios significativos \u00e0 comunidade, promovendo dignidade, conforto e valoriza\u00e7\u00e3o do espa\u00e7o urbano\u201d, defendeu o vereador Junior.</p>\r\n<p style=\"text-align: justify; \">O vice-presidente da Casa, vereador Rena (Uni\u00e3o) tamb\u00e9m solicita ao Executivo pavimenta\u00e7\u00e3o asf\u00e1ltica em 11 ruas no distrito de Nova Esperan\u00e7a \u2013 em alguns pontos s\u00e3o necess\u00e1rias apenas a continua\u00e7\u00e3o do servi\u00e7o. \u201cAs chuvas v\u00eam estragando os asfaltos que j\u00e1 foram feitos, al\u00e9m do fato de existir v\u00e1rias ruas sem pavimenta\u00e7\u00e3o\u201d, justificou o vereador Rena de Nova Esperan\u00e7a.</p>\r\n<p style=\"text-align: justify; \">A vereadora Carol Figueiredo (PL) reivindica pavimenta\u00e7\u00e3o asf\u00e1ltica da rua 36, no bairro Santo Amaro, onde possui o Cemei Professora Udilma Porto de Souza. De acordo com a vereadora, os moradores esperam o asfalto h\u00e1 anos, o que tem causado transtornos di\u00e1rios \u00e0 comunidade, especialmente \u00e0s fam\u00edlias que precisam transitar pela rua com crian\u00e7as pequenas.</p>\r\n<p style=\"text-align: justify; \">Nos bairros Alto da Boa Vista e Santo Ant\u00f4nio I e II, o vereador Cris\u00f3stomo da Minas Brasil (Uni\u00e3o) solicita recapeamento da avenida Lauro Dias de S\u00e1. O parlamentar explica que a via interliga a diversos bairros da cidade e atualmente encontra-se com o cal\u00e7amento bastante deteriorado, apresentando ondula\u00e7\u00f5es e remendos o que compromete o tr\u00e1fego de ve\u00edculos e colocando em risco motociclistas.</p>\r\n<p style=\"text-align: justify; \">O vereador Eduardo Preto (Pode) encaminhou of\u00edcio solicitando pavimenta\u00e7\u00e3o da rua Venezuela, no bairro Doutor Jo\u00e3o Alves, no trecho compreendido entre os n\u00fameros 367 e 441. O vereador Soter Magno (PSD) solicita reforma da pra\u00e7a Professora Luc\u00edola Dias Moreira, no bairro Augusta Mota. J\u00e1 a vereadora Maria Helena Lopes (MDB) pediu que seja realizada a recupera\u00e7\u00e3o do gramado do Campo Terra Preta.</p>\r\n<p style=\"text-align: justify; \">Na zona rural, o vereador Edson Cabeleireiro (Pode) expediu of\u00edcio para o secret\u00e1rio de Agricultura Pecu\u00e1ria e Desenvolvimento Rural, Osmani Barbosa, solicitando asfaltamento da via que liga a estrada da produ\u00e7\u00e3o(MC-20) passando pelas comunidades de Canoas e Assentamento de Mucambo Firme, obra muito importante para os produtores e os moradores da regi\u00e3o. J\u00e1 o vereador PC Landim (Avante) solicitou of\u00edcio ao Prefeito de Montes Claros, Guilherme Guimar\u00e3es, solicitando a constru\u00e7\u00e3o de pista municipal de atletismo e que seja estruturada e acess\u00edvel \u00e0 comunidade.</p>\r\n<p style=\"text-align: justify; \">O vereador Wilton Dias (Avante) expediu of\u00edcio pedindo a instala\u00e7\u00e3o de c\u00e2meras de seguran\u00e7a nas entradas de acesso de cada distrito do munic\u00edpio. O vereador Marcos Nem (Pode) expediu of\u00edcio solicitando todo empenho em viabilizar um estudo na avenida Itamar Caldeira Brant, no cruzamento da rua Geovane Soares Cruz.</p>\r\n<p style=\"text-align: justify; \"><strong><br /></strong></p>\r\n<p style=\"text-align: justify; \"><strong>ANTEPROJETO</strong></p>\r\n<p style=\"text-align: justify; \">O vereador Cl\u00e1udio Rodrigues (Cidadania) encaminhou anteprojeto ao Executivo, que estabelece a Pol\u00edtica Municipal de Incentivo \u00e0 Inova\u00e7\u00e3o Tecnol\u00f3gica, que visa introduzir novidades e aperfei\u00e7oamento no ambiente produtivo e social de Montes Claros e toda a regi\u00e3o, gerando novos bens e servi\u00e7os com impactos econ\u00f4micos positivos.</p>\r\n<p style=\"text-align: justify; \">Por lei, os vereadores n\u00e3o podem criar projetos que gerem \u00f4nus ao munic\u00edpio. Nesse caso, os parlamentares t\u00eam a premissa em fazer anteprojetos e apresentar ao Executivo - esse poder\u00e1 encaminh\u00e1-lo \u00e0 C\u00e2mara e ap\u00f3s aprovado transform\u00e1-lo em lei.</p>\r\n<p style=\"text-align: justify; \"><strong><br /></strong></p>\r\n<p style=\"text-align: justify; \"><strong>MO\u00c7\u00c3O</strong></p>\r\n<p style=\"text-align: justify; \">A vereadora Professora Iara Pimentel (PT) entrou com mo\u00e7\u00e3o de apoio ao Projeto de Lei n\u00ba 2628/22, de autoria do Senador Alessandro Vieira (MDB/SE), aprovado no Senado e que tramita na C\u00e2mara Federal, que disp\u00f5e sobre a Prote\u00e7\u00e3o de Crian\u00e7as e Adolescentes em Ambientes Digitais.</p>\r\n<p style=\"text-align: justify; \">\u00a0</p>\r\n<p style=\"text-align: justify; \">\u00a0</p>\r\n<p style=\"text-align: justify; \">\u00a0</p>\r\n<p align=\"justify\" class=\"western\" style=\"text-align: justify; \"><em><span><span><span><span><span><span><span>_______________________________________</span></span></span></span></span></span></span></em></p>\r\n<p class=\"western\" style=\"text-align: justify; \"><span><span><span><span><span><span><b>C\u00e2mara Municipal de Montes Claros</b></span></span></span></span></span></span><span><span><span><span><span><span><span><br /> Assessoria de Comunica\u00e7\u00e3o Social<br /> Contatos: (38) 3690-5504 | 3690-5506 \u2013</span></span></span></span></span></span></span><span><a href=\"mailto:ascom@montesclaros.mg.leg.br\" target=\"_self\"><span><span><span><span><span><span><span><span><span>ascom@montesclaros.mg.leg.br</span></span></span></span></span></span></span></span></span></a></span><span><span><span><span><span><span><span><br /> Facebook:\u00a0</span></span></span></span></span></span></span><span><a href=\"http://www.facebook.com/camaramoc\" target=\"_blank\"><span><span><span><span><span><span><span><span><span>www.facebook.com/camaramoc</span></span></span></span></span></span></span></span></span></a></span><span><span><span><span><span><span><span><br /> Twitter: https</span></span></span></span></span></span></span><span><a href=\"https://twitter.com/camaramoc\" target=\"_blank\"><span><span><span><span><span><span><span><span><span>://twitter.com/camaramoc</span></span></span></span></span></span></span></span></span></a></span><span><span><span><span><span><span><span><br /> Instagram: www</span></span></span></span></span></span></span><span><a href=\"http://www.instagram.com/camaramoc\" target=\"_blank\"><span><span><span><span><span><span><span><span><span>.instagram.com/camaramoc</span></span></span></span></span></span></span></span></span></a></span></p>\r\n<p style=\"text-align: justify; \"><br /> </p>", "author_name": "", "version": "1.0", "author_url": "https://www.montesclaros.mg.leg.br/author/cristine", "provider_name": "Montes Claros", "type": "rich"}