{"provider_url": "https://www.montesclaros.mg.leg.br", "title": "Vereadores cobram obras de infraestrutura", "html": "<p style=\"text-align: justify; \"><span>Gissele Niza</span><br /><br /></p>\r\n<p style=\"text-align: justify; \"><span>A C\u00e2mara Municipal de Montes Claros aprovou nesta ter\u00e7a-feira (5), em sess\u00e3o ordin\u00e1ria, 14 requerimentos, sendo sete deles voltados para obras de infraestrutura.</span><span><br /></span><span>O vereador Reinaldo Carrapicho (Republicanos) solicitou, ao Executivo, a inclus\u00e3o do recapeamento asf\u00e1ltico da rua Vicente Braga, que d\u00e1 acesso aos bairros: Eldorado, Vila Atl\u00e2ntida, Nova Morada e Santa Eug\u00eania, no </span><span>Programa de Investimento no Cidad\u00e3o </span><span>(</span><span>PIC</span><span>)</span><span>. </span><span>A</span><span> recupera\u00e7\u00e3o da pavimenta\u00e7\u00e3o asf\u00e1ltica da rua Vinte Sete, </span><span>do</span><span> </span><span>b</span><span>airro Village do Lago ll, </span><span>foi requerida pelo vereador </span><span>Stalin Cordeiro </span><span>(Pode). Outra cobran\u00e7a, do vereador Valdecy Contador (Cidadania), solicita a </span><span>reforma do trevo localizado na </span><span>a</span><span>v</span><span>enida</span><span> Governador Magalh\u00e3es Pinto, conhecido como Trevo da Cowan.</span><span><br /></span><span>A vice-presidente da Mesa Diretora, vereadora Maria Helena Lopes (MDB), solicitou a </span><span>constru\u00e7\u00e3o de uma </span><span>a</span><span>cademia ao ar livre no </span><span>b</span><span>airro Residencial Montes Claros. </span><span>Na \u00e1rea de infraestrutura de tr\u00e2nsito, o vereador Cl\u00e1udio Rodrigues (Rede) pediu a instala\u00e7\u00e3o de sem\u00e1foros na avenida Macei\u00f3, pr\u00f3ximo \u00e0 rotat\u00f3ria (paralela \u00e0 avenida Zeus), no bairro Jardim Ol\u00edmpico. O vereador Odair Ferreira (Solidariedade) solicitou um estudo de viabilidade t\u00e9cnica para implanta\u00e7\u00e3o de faixa elevada em frente ao Cemei L\u00facia Pimenta Magalh\u00e3es, localizado na avenida Neco Delfino, do bairro Delfino Magalh\u00e3es.</span><span><br /></span><span>Os vereadores Aldair Fagundes (Cidadania) e Gra\u00e7a da Casa do Motor (Uni\u00e3o) requerem ao Executivo e \u00e0 Secretaria municipal de Educa\u00e7\u00e3o a realiza\u00e7\u00e3o de estudo para a constru\u00e7\u00e3o do Cemei com quadra onde as crian\u00e7as possam praticar atividades esportivas e de lazer, no bairro Cidade Industrial, que beneficiar\u00e1 os moradores dos bairros: Cidade Industrial, Vit\u00f3ria I e Vit\u00f3ria II. Dentro dos pedidos para a infraestrutura, o primeiro-secret\u00e1rio da Mesa Diretora, vereador Igor Dias (Uni\u00e3o), pediu que seja realizada a </span><span>limpeza da pista de caminhada do S\u00e3o Judas, uma vez que o local </span><span>se </span><span>encontra com a necessidade de retirada de entulhos e capina do mato ap\u00f3s as \u00faltimas chuvas</span><span><br /></span><span>\u00a0</span><span><br /></span><b>Social</b><br /><span><b><br /></b></span><span>O vereador </span><span>Elair Gomes </span><span>(MDB) pediu que seja enviado of\u00edcio ao Executivo para con</span><span>ced</span><span>er</span><span> benef\u00edcio fiscal ou aux\u00edlio para os propriet\u00e1rios de im\u00f3veis atingidos por desastres ou incidentes decorrentes </span><span>das chuvas</span><span> ou outro fato da natureza que configure grave preju\u00edzo material, econ\u00f4mico ou social, mediante requerimento do contribuinte.</span></p>\r\n<p style=\"text-align: justify; \"><span></span><span><br /></span><b>Servidores p\u00fablicos</b><span><br /></span><span>\u00a0</span><span><b><br /></b></span><span>Tamb\u00e9m foi tema de requerimento, de autoria dos vereadores Cl\u00e1udio Rodrigues (Rede) e Eldair Samambaia (PSD), a </span><span>altera\u00e7\u00e3o das condi\u00e7\u00f5es para ingresso no cargo de Guarda Municipal e </span><span>a</span><span> institu</span><span>i\u00e7\u00e3o de </span><span>gratifica\u00e7\u00e3o pelo exerc\u00edcio da fun\u00e7\u00e3o de condutor de ve\u00edculo oficial do Munic\u00edpio, no percentual de 40% do respectivo vencimento base.</span><span><b><br /></b></span><span>A vereadora </span><span>Professora Iara Pimentel </span><span>(PT) solicitou o</span><span> reajuste salarial a todas as categorias de servidores p\u00fablicos municipais.</span><span><b><br /></b></span><span>\u00a0</span><span><b><br /></b></span><b>Passe livre</b><span><b><br /></b></span><span>\u00a0</span><span><b><br /></b></span><span>O pedido da vereadora Ceci Protetora (PP) foi que seja alterada </span><span>a validade do uso da carteira de \u2018Passe Livre\u2019 de transporte p\u00fablico no \u00e2mbito municipal para </span><span>as </span><span>pessoas com Transtorno do Espectro Autista (TEA) com validade de </span><span>um ano para cinco anos</span><span>.</span><br /><b><br /></b><b>Homenagens</b><br /><b><br /></b><span>O vereador </span><span>Daniel Dias </span><span>(PCdoB) solicitou que </span><span>seja transformada em </span><span>s</span><span>ess\u00e3o </span><span>e</span><span>special a </span><span>r</span><span>euni\u00e3o </span><span>o</span><span>rdin\u00e1ria </span><span>de</span><span> 18 de abril de 2024, e transferida para as 9</span><span>h</span><span>30, para homenagear os 50 anos do Sindicato dos Trabalhadores Rurais de Montes Claros.</span><br /><span>J\u00e1 o vereador </span><span>S</span><span>o</span><span>ter Magno </span><span>(PSD) pediu para que </span><span>seja realizada </span><span>r</span><span>euni\u00e3o </span><span>e</span><span>special de </span><span>h</span><span>omenagem, no dia 10 de maio, \u00e0s 19h, para homenagear o Grupo Escoteiro S\u00e3o Jos\u00e9, pelos seus 55 anos de atividades ininterruptas na cidade.</span><br /><span>\u00a0</span><br /><i><b>_______________________________</b></i><br /><b>C\u00e2mara Municipal de Montes Claros</b><br /><span>Assessoria de Comunica\u00e7\u00e3o Social</span><br /><span>Contatos: (38) 3690-5504 | 3690-5506 \u2013 ascom@montesclaros.mg.leg.br</span><br /><span>Facebook: </span><span><a href=\"http://www.facebook.com/camaramoc\" target=\"_blank\">www.facebook.com/camaramoc</a></span><br /><span>Twitter: </span><span><a href=\"https://twitter.com/camaramoc\" target=\"_blank\">https://twitter.com/camaramoc</a></span><br /><span>Instagram: </span><span><a href=\"http://www.instagram.com/camaramoc\" target=\"_blank\">www.instagram.com/camaramoc</a></span><br /><a href=\"https://montesclaros.mg.leg.br/\" target=\"_blank\">https://montesclaros.mg.leg.br</a></p>", "author_name": "", "version": "1.0", "author_url": "https://www.montesclaros.mg.leg.br/author/gisseleoliveira", "provider_name": "Montes Claros", "type": "rich"}