{"provider_url": "https://www.montesclaros.mg.leg.br", "title": "Vereadores aprovam nove requerimentos", "html": "<p>Por Selma Gon\u00e7alves</p>\r\n<p style=\"text-align: justify; \">Os vereadores de Montes Claros aprovaram, em sess\u00e3o ordin\u00e1ria nesta ter\u00e7a-feira(09), nove requerimentos. Entre eles o de autoria do vereador Daniel Dias (PC do B) solicitando c\u00f3pia do inteiro teor dos documento relativos ao conv\u00eanio firmado entre o Munic\u00edpio de Montes Claros e o Estado de Minas Gerais visando a municipaliza\u00e7\u00e3o dos anos iniciais do Ensino Fundamental.</p>\r\n<p align=\"justify\" style=\"text-align: justify; \"><strong>Suporte para tratamento de sa\u00fade</strong></p>\r\n<p align=\"justify\" style=\"text-align: justify; \">O vereador Odair Ferreira (SD) destacou a dificuldade de pacientes no tratamento da sa\u00fade. Por isso sugeriu a concess\u00e3o da gratuidade no transporte p\u00fablico (vale-transporte) nos agendamentos de atendimentos de sa\u00fade, como exames e consultas, para cidad\u00e3os cadastrados no Cad\u00danico. Solicitamos, ainda, que nos casos em que o paciente for crian\u00e7a ou idoso, a gratuidade do transporte tamb\u00e9m seja disponibilizada para o acompanhante.</p>\r\n<p align=\"justify\" style=\"text-align: justify; \">\u00a0<strong>Recomposi\u00e7\u00e3o salarial</strong></p>\r\n<p align=\"justify\" style=\"text-align: justify; \">O Vereador Rodrigo Cadeirante (Rede) cobrou a viabiliza\u00e7\u00e3o do reajuste salarial dos enfermeiros, t\u00e9cnicos e auxiliares de enfermagem e parteiras, de acordo com o novo piso salarial previsto no texto final do PL n\u00ba 2.564/2020.</p>\r\n<p align=\"justify\" style=\"text-align: justify; \">\u00a0<strong>Infraestrutura</strong></p>\r\n<p align=\"justify\" style=\"text-align: justify; \">O vereador Edmilson Bispo (SD) Solicitou a coloca\u00e7\u00e3o de uma faixa elevada com faixa de pedestres n Rua H\u00e9rcules Vieira Silva, em frente ao n\u00famero 356, bairro Regina Peres.</p>\r\n<p align=\"justify\" style=\"text-align: justify; \">J\u00e1 o vereador Odair Ferreira pediu a constru\u00e7\u00e3o de uma escola dos anos iniciais e um centro municipal de educa\u00e7\u00e3o infantil \u2013 CEMEI, incluindo a instala\u00e7\u00e3o de quadra poliesportiva, para atender a regi\u00e3o que integra os bairros Vila An\u00e1lia, Novo Delfino, Camilo Prates e Belvedere.</p>\r\n<p align=\"justify\" style=\"text-align: justify; \">\u00a0<strong>Tr\u00e2nsito</strong></p>\r\n<p align=\"justify\" style=\"text-align: justify; \">A professora Iara Pimentel (PT) Solicitou a implementa\u00e7\u00e3o de medidas apresentadas por motoristas de aplicativo que venham garantir melhoria nas condi\u00e7\u00f5es de tr\u00e2nsito. Entre elas a sincroniza\u00e7\u00e3o dos sinais na regi\u00e3o central e a garantia de maior n\u00famero de pontos de embarque e desembarque.</p>\r\n<p align=\"justify\" style=\"text-align: justify; \">\u00a0<strong>Audi\u00eancia p\u00fablica</strong></p>\r\n<p align=\"justify\" style=\"text-align: justify; \"><strong><span><span><span> </span></span></span></strong>A pedido do vereador Wilton Dias (PTB) a sess\u00e3o ordin\u00e1ria do dia 29 de setembro de 2022 ser\u00e1 transformada em audi\u00eancia p\u00fablica para discutir a inclus\u00e3o no Plano Diretor de Montes Claros (LC 53) com disposi\u00e7\u00f5es acerca de ciclovias e ciclofaixas nas principais vias de tr\u00e1fego do Munic\u00edpio.</p>\r\n<p align=\"justify\" style=\"text-align: justify; \">\u00a0<strong>Sess</strong><strong>\u00e3o</strong><strong> especia</strong><strong>l</strong></p>\r\n<p align=\"justify\" style=\"text-align: justify; \">O presidente da Casa, vereador Cl\u00e1udio Rodrigues (Rede) apresentou duas propostas de sess\u00f5es especiais na C\u00e2mara Municipal. No dia 14 de setembro de 2022 (quarta-feira), \u00e0s 19 horas, em comemora\u00e7\u00e3o aos 90 anos da Loja Ma\u00e7\u00f4nica Deus e Liberdade n\u00ba 62. O reconhecimento pelos relevantes servi\u00e7os prestados \u00e0 comunidade de Montes Claros e do Norte de Minas.</p>\r\n<p align=\"justify\" style=\"text-align: justify; \">J\u00e1 no dia 22 de novembro de 2022 (ter\u00e7a-feira), \u00e0s 19 horas, comemora\u00e7\u00e3o aos 10 anos de instala\u00e7\u00e3o, em Montes Claros, da Miss\u00e3o Mineira Norte \u2013 Sede Administrativa da Igreja Adventista do S\u00e9timo Dia para o Norte e Noroeste de Minas Gerais.</p>\r\n<p style=\"text-align: left; \">________________________</p>\r\n<p class=\"western\" style=\"text-align: left; \"><span><span><span><span><span><span><span><b>C\u00e2mara Municipal de Montes Claros</b></span></span></span></span></span></span></span><span><br /></span><span>Assessoria de Comunica\u00e7\u00e3o Social</span><span><br /></span><span>Contatos:(38) 3690-5504 | 3690-5506 \u2013\u00a0</span><span><span><span><span><span><span><span><span><span><a class=\"western\" href=\"mailto:ascom@montesclaros.mg.leg.br\" target=\"_self\">ascom@montesclaros.mg.leg.br</a></span></span></span></span></span></span></span></span></span><span><br /></span><span>Facebook:\u00a0</span><span><a class=\"external-link\" target=\"_blank\" title=\"\">www.facebook.com/camaramoc</a></span><span><br /></span><span>Twitter:</span><span><span><span><span><span><span><span><span><span><a class=\"western\" href=\"https://twitter.com/camaramoc\" target=\"_blank\">\u00a0https://twitter.com/camaramoc</a></span></span></span></span></span></span></span></span></span><span><br /></span><span>Instagram:\u00a0</span><span><a class=\"external-link\" target=\"_blank\" title=\"\">www.instagram.com/camaramoc</a></span><span><br /></span><span><span><span><span><span><span><span><span><span><span><a class=\"western\" href=\"https://montesclaros.mg.leg.br/\" target=\"_blank\">https://montesclaros.mg.leg.br</a></span></span></span></span></span></span></span></span></span></span></p>", "author_name": "", "version": "1.0", "author_url": "https://www.montesclaros.mg.leg.br/author/selma", "provider_name": "Montes Claros", "type": "rich"}