{"provider_url": "https://www.montesclaros.mg.leg.br", "title": "Vereadores aprovam 13 projetos ", "html": "<p align=\"justify\"><span><span><i><span>P</span><span>or Gissele Niza </span></i></span></span></p>\r\n<p align=\"justify\">\u00a0</p>\r\n<p align=\"justify\"><span><span><span><span><span> Em sess\u00e3o ordin\u00e1ria nesta ter\u00e7a-feira, vereadores da C\u00e2mara Municipal de Montes Claros aprovaram 13 projetos, sendo 12 de autoria dos parlamentares e um do Executivo. </span></span></span></span></span></p>\r\n<p align=\"justify\"><span><span><span><span><span>Do vereador Odair Ferreira (Uni\u00e3o) foi aprovado projeto de resolu\u00e7\u00e3o que c</span></span></span><span>oncede </span><span>o </span><span>T\u00edtulo de Cidad\u00e3o Honor\u00e1rio ao Padre Jos\u00e9 Carlos Tadeu Ribeiro.</span></span></span></p>\r\n<p align=\"justify\"><span><span><span> Os projetos do presidente da Casa, vereador Junior Martins (PP), d</span><span>enomina</span><span>m a </span><span>avenida A como </span><span>Walter Marciel de Oliveira, no bairro Raul Louren\u00e7o, </span><span>a r</span><span>ua </span><span>Quatro como </span><span>Pastor Jos\u00e9 Ferreira da Silva, no bairro Vilage do Lago I </span><span>e a p</span><span>onte Jos\u00e9 Afonso Ferreira Lopes, entre os bairros: Alice Maia e Edgar Pereira.</span></span></span></p>\r\n<p align=\"justify\"><span><span><span> Tamb\u00e9m fo</span><span>i</span><span> aprovado o projeto do vereador Cl\u00e1udio Rodrigues (Cidadania) que denomina o Centro De Refer\u00eancia Social - CRAS do bairro Major Prates como S\u00e2mara da Silva Marques; do vereador Reinaldo Carrapicho (PSD) que denomina </span><span>a rua H como </span><span>Peterson Soares Silva e </span><span>a rua Hum como </span><span>Maria da Concei\u00e7\u00e3o Ver\u00edssimo, no bairro Jardim Brasil; do vereador Valdecy Contador (Cidadania) que denomina a rotat\u00f3ria situada na antiga estrada da produ\u00e7\u00e3o atual Avenida Am\u00e9rico Martins, sentido Capit\u00e3o En\u00e9as, como rotat\u00f3ria Am\u00e9rico Martins Filho.</span></span></span></p>\r\n<p align=\"justify\"><span><span><span> Do vereador Soter Magno (PSD) foram aprovados projetos que denominam a </span><span>rua F como </span><span>Jo\u00e3o Pereira de Souza, </span><span>a rua T como </span><span>Lidiomar Ferreira Borges </span><span>e </span><span>a rua P como </span><span>Hamilton Batista Sousa, no bairro Ac\u00e1cias. </span><span>J\u00e1 o projeto do vereador Daniel Dias (PCdoB) denomina o </span><span>CEMEI Professora Maria Aparecida Bispo de Moura, no bairro Vila Sion.</span></span></span></p>\r\n<p align=\"justify\">\u00a0</p>\r\n<p align=\"justify\"><span><span><b>EXECUTIVO </b></span></span></p>\r\n<p align=\"justify\">\u00a0</p>\r\n<p align=\"justify\"><span><span><span> O </span><span>Projeto de Lei Complementar n\u00ba 6 de 2024, </span><span>de autoria do munic\u00edpio, tamb\u00e9m foi aprovado e prev\u00ea a altera\u00e7\u00e3o de dispositivos da </span><span>Lei Complementar n\u00ba 008, de 11 de abril de 2006 e da Lei Complementar n\u00ba 028, de 08 de junho de 2010, para promover adequa\u00e7\u00f5es na estrutura administrativa do Instituto Municipal de Previd\u00eancia dos Servidores P\u00fablicos de Montes Claros \u2013 PREVMOC</span><span><span><b>. </b></span></span></span></span></p>\r\n<p align=\"justify\">\u00a0</p>\r\n<p><span><span><span><i><span>______________________</span></i></span></span></span></p>\r\n<p align=\"left\"><span><span><span><span><span><span><b><span>C\u00e2mara Municipal de Montes Claros<br /> </span></b></span></span></span></span></span></span><span><span><span><span><span><span><span>Assessoria de Comunica\u00e7\u00e3o Social<br /> Contatos:(38) 3690-5504 | 3690-5506 \u2013ascom@montesclaros.mg.leg.br<br /> Facebook: </span></span></span></span></span></span></span><a href=\"http://www.facebook.com/camaramoc\" target=\"_blank\"><span><span><span><span><span><span><span><span><span><span>www.facebook.com/camaramoc<br /> </span></span></span></span></span></span></span></span></span></span></a><span><span><span><span><span><span><span>Twitter: </span></span></span></span></span></span></span><a href=\"https://twitter.com/camaramoc\" target=\"_blank\"><span><span><span><span><span><span><span><span><span><span>https://twitter.com/camaramoc<br /> </span></span></span></span></span></span></span></span></span></span></a><span><span><span><span><span><span><span>Instagram: </span></span></span></span></span></span></span><span><span><span><span><span><span><span><span><span><span><a href=\"http://www.instagram.com/camaramoc\" target=\"_blank\">www.instagram.com/camaramoc<br /> </a><a href=\"https://montesclaros.mg.leg.br/\" target=\"_blank\">https://montesclaros.mg.leg.br</a></span></span></span></span></span></span></span></span></span></span></p>\r\n<p>\u00a0</p>", "author_name": "", "version": "1.0", "author_url": "https://www.montesclaros.mg.leg.br/author/gisseleoliveira", "provider_name": "Montes Claros", "type": "rich"}