{"provider_url": "https://www.montesclaros.mg.leg.br", "title": "Soter Magno retorna ao parlamento", "html": "<p style=\"text-align: justify; \">Licenciado desde de junho de 2021 para assumir a Secretaria Municipal de Meio Ambiente, Soter Magno do partido PSD, retornou ao cargo na C\u00e2mara de Montes Claros na manh\u00e3 desta segunda-feira (18). A cerim\u00f4nia ocorreu na Presid\u00eancia e contou com vereadores e servidores do setor jur\u00eddico da Casa.</p>\r\n<p style=\"text-align: justify; \">Durante seu licenciamento, o suplente Edmilson Bispo assumiu o cargo que durou at\u00e9 o dia 15 de dezembro.</p>\r\n<p style=\"text-align: justify; \">\u00a0</p>\r\n<p style=\"text-align: justify; \">\u00a0</p>\r\n<p align=\"left\" class=\"western\"><span><span><span><span><span><i><span>_______________________________</span></i></span></span></span></span></span></p>\r\n<p align=\"left\" class=\"western\"><span><span><span><span><span><span><b>C\u00e2mara Municipal de Montes Claros<br /> </b></span></span></span></span></span></span><span><span><span><span><span><span><span>Assessoria de Comunica\u00e7\u00e3o Social<br /> Contatos:(38) 3690-5504 | 3690-5506 \u2013ascom@montesclaros.mg.leg.br<br /> Facebook\u00a0</span></span></span></span></span></span></span><span><a href=\"http://www.facebook.com/camaramoc\" target=\"_blank\"><span><span><span><span><span><span><span><span><span>www.facebook.com/camaramoc<br /> </span></span></span></span></span></span></span></span></span></a></span><span><span><span><span><span><span><span>Twitter:</span></span></span></span></span></span></span><span><a href=\"https://twitter.com/camaramoc\" target=\"_blank\"><span><span><span><span><span><span><span><span><span>https://twitter.com/camaramoc<br /> </span></span></span></span></span></span></span></span></span></a></span><span><span><span><span><span><span><span>Instagram:</span></span></span></span></span></span></span><span><span><span><span><span><span><span><span><span><span><a href=\"http://www.instagram.com/camaramoc\" target=\"_blank\">www.instagram.com/camaramoc<br /> </a><a href=\"https://montesclaros.mg.leg.br/\" target=\"_blank\">https://montesclaros.mg.leg.br</a></span></span></span></span></span></span></span></span></span></span></p>", "author_name": "", "version": "1.0", "author_url": "https://www.montesclaros.mg.leg.br/author/cristine", "provider_name": "Montes Claros", "type": "rich"}