{"provider_url": "https://www.montesclaros.mg.leg.br", "title": "Sess\u00e3o extraordin\u00e1ria", "html": "<p>Por\u00a0 Selma Gon\u00e7alves</p>\r\n<p style=\"text-align: justify; \"><span>A C\u00e2mara de vereadores realiza nesta quinta-feira (07) sess\u00e3o extraordin\u00e1ria para discutir e votar dois projetos do executivo. O projeto 68/2022 autoriza o poder executivo firmar parceria com a Associa\u00e7\u00e3o Comercial, Industrial e de Servi\u00e7os de Montes Claros \u2013 ACI, repassar recursos financeiros.</span></p>\r\n<p align=\"justify\" style=\"text-align: justify; \"><span>O projeto 69/2022 autoriza o poder executivo abrir cr\u00e9dito especial ao or\u00e7amento vigente. A sess\u00e3o extraordin\u00e1ria ser\u00e1 \u00e0s 7:45 da manh\u00e3 na sala de reuni\u00f5es da C\u00e2mara Municipal</span></p>\r\n<p align=\"justify\" style=\"text-align: justify; \">\u00a0<b>Recesso parlamentar</b></p>\r\n<p style=\"text-align: justify; \"><span>A partir do dia </span><span>9 deste m\u00eas</span><span>, a C\u00e2mara de Vereadores inicia o recesso parlamentar, que segue at\u00e9 o dia 2</span><span>9</span><span>. Durante este per\u00edodo as sess\u00f5es especiais e reuni\u00f5es ordin\u00e1rias estar\u00e3o suspensas, entretanto pode haver reuni\u00f5es extraordin\u00e1rias - tr\u00eas vereadores </span><span>ser\u00e3o escalados e ficar\u00e3o de </span><span>plant\u00e3o para alguma poss\u00edvel eventualidade.</span></p>\r\n<p align=\"justify\" style=\"text-align: justify; \"><span>Os demais servidores, bem como os gabinetes, funcionar\u00e3o normalmente de 7h \u00e0s 19h \u2013 o atendimento ao p\u00fablico tamb\u00e9m pode ser feito por telefone 3690-5400, e-mail presidencia@montesclaros.mg.leg.br e at\u00e9 mesmo pelo gabinete virtual.</span></p>\r\n<p align=\"justify\" style=\"text-align: justify; \"><span>______________________</span></p>\r\n<p class=\"western\"><span><span><span><span><span><span><span><b>C\u00e2mara Municipal de Montes Claros</b></span></span></span></span></span></span></span><span><br /></span><span>Assessoria de Comunica\u00e7\u00e3o Social</span><span><br /></span><span>Contatos:(38) 3690-5504 | 3690-5506 \u2013\u00a0</span><span><span><span><span><span><span><span><span><span><a class=\"western\" href=\"mailto:ascom@montesclaros.mg.leg.br\" target=\"_self\">ascom@montesclaros.mg.leg.br</a></span></span></span></span></span></span></span></span></span><span><br /></span><span>Facebook:\u00a0</span><span><a class=\"external-link\" href=\"http://____________________________________%20%20C%C3%A2mara%20Municipal%20de%20Montes%20Claros%20Assessoria%20de%20Comunica%C3%A7%C3%A3o%20Social%20Contatos(38)%203690-5504%20%7C%203690-5506%20%E2%80%93%20ascom@montesclaros.mg.leg.br%20facebook%20www.facebook.com/\" target=\"_blank\" title=\"\">www.facebook.com/camaramoc</a></span><span><br /></span><span>Twitter:</span><span><span><span><span><span><span><span><span><span><a class=\"western\" href=\"https://twitter.com/camaramoc\" target=\"_blank\">\u00a0https://twitter.com/camaramoc</a></span></span></span></span></span></span></span></span></span><span><br /></span><span>Instagram:\u00a0</span><span><a class=\"external-link\" href=\"http://____________________________________%20%20C%C3%A2mara%20Municipal%20de%20Montes%20Claros%20Assessoria%20de%20Comunica%C3%A7%C3%A3o%20Social%20Contatos(38)%203690-5504%20%7C%203690-5506%20%E2%80%93%20ascom@montesclaros.mg.leg.br%20facebook%20www.facebook.com/\" target=\"_blank\" title=\"\">www.instagram.com/camaramoc</a></span><span><br /></span><span><span><span><span><span><span><span><span><span><span><a class=\"western\" href=\"https://montesclaros.mg.leg.br/\" target=\"_blank\">https://montesclaros.mg.leg.br</a></span></span></span></span></span></span></span></span></span></span>\u00a0</p>\r\n<p align=\"justify\"><span><br /></span></p>", "author_name": "", "version": "1.0", "author_url": "https://www.montesclaros.mg.leg.br/author/selma", "provider_name": "Montes Claros", "type": "rich"}