{"provider_url": "https://www.montesclaros.mg.leg.br", "title": "Sess\u00e3o especial: VI Dia Mundial dos Pobres", "html": "<p align=\"justify\">Por Selma Gon\u00e7alves</p>\r\n<p align=\"justify\">A C\u00e2mara Municipal de Montes Claros realiza, nesta quarta-feira (09) \u00e0s 9h30, sess\u00e3o especial para lan\u00e7amento da VI Jornada Mundial dos Pobres em Montes Claros.</p>\r\n<p align=\"justify\">A celebra\u00e7\u00e3o, proposi\u00e7\u00e3o do presidente da Casa legislativa Cl\u00e1udio Rodrigues, atende ao chamado do Papa Francisco e da Arquidiocese de Montes Claros, e se une a milh\u00f5es de pessoas em todo o mundo para promover esse momento de reflex\u00e3o sobre a solidariedade para com os irm\u00e3os necessitados, aliado a um incentivo concreto \u00e0s pol\u00edticas familiares e \u00e0 responsabilidade social.</p>\r\n<p align=\"justify\">\u00a0<b><strong>Sobre a Jornada</strong></b></p>\r\n<p align=\"justify\"><span><span><span><span><span><span><span>Para a celebra\u00e7\u00e3o da data em unidade com a Santa S\u00e9, a Comiss\u00e3o Episcopal Pastoral para a A\u00e7\u00e3o Sociotransformadora da Confer\u00eancia Nacional dos Bispos do Brasil (CNBB), com as Pastorais Sociais e Organismos lan\u00e7am o\u202fmaterial\u202fpara favorecer a prepara\u00e7\u00e3o em forma de jornada para a viv\u00eancia, conviv\u00eancia, reflex\u00e3o e a\u00e7\u00e3o do\u202fVI Dia Mundial dos Pobres.\u202f</span></span></span></span></span></span></span></p>\r\n<p align=\"justify\"><span><span><span><span><span><span><span>O Papa Francisco em sua\u202fmensagem\u202fdeste ano escolheu o texto b\u00edblico para motivar a reflex\u00e3o: \u201cJesus Cristo fez-se pobre por v\u00f3s\u201d (cf. 2 Cor 8, 9).\u202f A inten\u00e7\u00e3o com o convite \u2013 tomado do ap\u00f3stolo Paulo \u2013 \u00e9 manter o olhar fixo em Jesus, que, \u201csendo rico, se fez pobre por v\u00f3s, para vos enriquecer com a sua pobreza\u201d. J\u00e1 o tema escolhido pela Igreja do Brasil para animar esta\u202fVI Jornada\u202f\u00e9: \u201cDai-lhes v\u00f3s mesmos de comer!\u201d, em conson\u00e2ncia com a\u202fCampanha da Fraternidade 2023, que traz o tema \u201cFraternidade e fome\u201d, e o lema \u201cDai-lhes v\u00f3s mesmos de comer\u201d (Mt 14,16).\u202f</span></span></span></span></span></span></span></p>\r\n<p align=\"justify\">\u00a0A sess\u00e3o ser\u00e1 transmitida ao vivo pela TV C\u00e2mara, no canal 5.3, pelo canal da TV C\u00e2mara de Montes Claros no YouTube,</p>\r\n<p>______________________________</p>\r\n<p><strong>C\u00e2mara Municipal de Montes Claros</strong><br /><span>Assessoria de Comunica\u00e7\u00e3o Social</span><br /><span>Contatos:(38) 3690-5504 | 3690-5506 \u2013\u00a0</span><a class=\"email-link\" href=\"mailto:ascom@montesclaros.mg.leg.br\" target=\"_self\" title=\"\">ascom@montesclaros.mg.leg.br</a><br /><span>Facebook:\u00a0</span><a class=\"external-link\" href=\"http://www.facebook.com/camaramoc\" target=\"_blank\" title=\"\">www.facebook.com/camaramoc</a><br /><span>Twitter:\u00a0</span><a class=\"external-link\" href=\"https://twitter.com/camaramoc\" target=\"_blank\" title=\"\">https://twitter.com/camaramoc</a><br /><span>Instagram:\u00a0</span><a class=\"external-link\" href=\"http://www.instagram.com/camaramoc\" target=\"_blank\" title=\"\">www.instagram.com/camaramoc</a><br /><a class=\"external-link\" href=\"https://montesclaros.mg.leg.br/\" target=\"_blank\" title=\"\">https://montesclaros.mg.leg.br</a></p>", "author_name": "", "version": "1.0", "author_url": "https://www.montesclaros.mg.leg.br/author/selma", "provider_name": "Montes Claros", "type": "rich"}