{"provider_url": "https://www.montesclaros.mg.leg.br", "title": "Senar celebra 30 anos de funda\u00e7\u00e3o", "html": "<p style=\"text-align: justify; \">POR CHRISTINE ANTONINI</p>\r\n<p style=\"text-align: justify; \"><span>A C\u00e2mara de Montes Claros realizou, nesta quarta-feira (25), sess\u00e3o especial para homenagear o Servi\u00e7o Nacional de Aprendizagem Rural (Senar-MG) pelos 30 anos de funda\u00e7\u00e3o em Minas Gerais. A proposi\u00e7\u00e3o foi de iniciativa do vereador Wilton Dias (PTB). O Senar foi institu\u00eddo pela Constitui\u00e7\u00e3o Federal de 1988, com o intuito de promover a capacita\u00e7\u00e3o profissional e social no campo. Em Montes Claros, o servi\u00e7o funciona desde 1995. </span></p>\r\n<p style=\"text-align: justify; \"><span>O vereador Wilton Dias enfatizou que somente no Norte de Minas, 70 munic\u00edpios s\u00e3o atendidos em parceria com os sindicatos rurais e entidades cooperadas. Al\u00e9m de a\u00e7\u00f5es, cursos, treinamentos e capacita\u00e7\u00e3o, contribuindo com a evolu\u00e7\u00e3o de indicadores sociais e econ\u00f4micos do agro. </span></p>\r\n<p style=\"text-align: justify; \">\u201c<span>Celebrar esse momento \u00e9, principalmente, honrar todos que pensaram, idealizaram, implementaram, constru\u00edram e fizeram crescer um grande sonho, um grande projeto. Afinal, essa empresa se dedica \u00e0 capacita\u00e7\u00e3o do produtor e do trabalhador rural, \u00e0 promo\u00e7\u00e3o social e ao est\u00edmulo \u00e0 inova\u00e7\u00e3o e tecnologia do campo\u201d, pontuou o parlamentar. </span></p>\r\n<p style=\"text-align: justify; \"><span>De acordo com dados do Senar, ao longo desse tempo, mais de 30 mil produtores rurais foram atendidos no programa de Assist\u00eancia T\u00e9cnica e Gerencial em Minas. Com a metodologia gratuita, com foco na gera\u00e7\u00e3o de renda, melhoria da produ\u00e7\u00e3o e na gesta\u00e7\u00e3o rural de forma educativa, contribuindo para a evolu\u00e7\u00e3o socioecon\u00f4mica. </span></p>\r\n<p style=\"text-align: justify; \">\u201c<span><span>No ano de 2022 atendemos 14.985 produtores com 1.466 cursos e treinamentos, ainda temos o Programa de Assist\u00eancia T\u00e9cnica e Gerencial que atende cinco cadeias produtivas (apicultura, avicultura, bovinocultura de leite e de corte e agroind\u00fastria de derivados l\u00e1cteos) no Norte de Minas, com 1.477 propriedades rurais sendo assistidas\u201d, destacou o gerente regional do Sistema Faemg Senar, Dirceu Martins. </span></span></p>\r\n<p style=\"text-align: justify; \"><span><span>O presidente do Sindicato Rural de Montes Claros, Alexandre Rocha, ponderou que desde a cria\u00e7\u00e3o do escrit\u00f3rio regional do Senar no munic\u00edpio, o Sindicato promoveu mais de 3 mil cursos, beneficiando mais de 100 mil produtores rurais. Ele ainda enfatizou que somente em 2023, foram mais de 100 cursos e treinamentos realizados, al\u00e9m de turmas de Assist\u00eancia T\u00e9cnica e Gerencial em andamento nas \u00e1reas de apicultura, bovinocultura de corte e bovinocultura de leite.</span></span></p>\r\n<p style=\"text-align: justify; \">\u201c<span><span>O Senar \u00e9 uma institui\u00e7\u00e3o fundamental para o nosso setor. Atrav\u00e9s de cursos e programas, ministrados por profissionais qualificados e atualizados com as \u00faltimas tecnologias, oferece aos produtores rurais as ferramentas necess\u00e1rias para melhorar a produtividade, a qualidade e a rentabilidade de suas propriedades\u201d, finalizou o presidente.</span></span></p>\r\n<p style=\"text-align: justify; \"><span><span><br /></span></span></p>\r\n<p align=\"justify\" class=\"western\" style=\"text-align: justify; \"><span><span><span><span><span><i>_________________________________</i></span></span></span></span></span></p>\r\n<p align=\"left\" class=\"western\" style=\"text-align: justify; \"><span><span><span><span><span><span><b>C\u00e2mara Municipal de Montes Claros<br /></b></span></span></span></span></span></span><span>Assessoria de Comunica\u00e7\u00e3o Social<br />Contatos:(38) 3690-5504 | 3690-5506 \u2013ascom@montesclaros.mg.leg.br<br />Facebook\u00a0</span><span><a href=\"http://www.facebook.com/camaramoc\" target=\"_blank\"><span>www.facebook.com/camaramoc<br /></span></a></span><span>Twitter:</span><span><a href=\"https://twitter.com/camaramoc\" target=\"_blank\"><span>https://twitter.com/camaramoc<br /></span></a></span><span>Instagram:</span><span><span><span><span><span><span><span><span><span><span><a href=\"http://www.instagram.com/camaramoc\" target=\"_blank\">www.instagram.com/camaramoc<br /></a><a href=\"https://montesclaros.mg.leg.br/\" target=\"_blank\">https://montesclaros.mg.leg.br</a></span></span></span></span></span></span></span></span></span></span></p>\r\n<p style=\"text-align: justify; \"><span><span><br /></span></span></p>\r\n<p style=\"text-align: justify; \">\u00a0</p>", "author_name": "", "version": "1.0", "author_url": "https://www.montesclaros.mg.leg.br/author/cristine", "provider_name": "Montes Claros", "type": "rich"}