{"provider_url": "https://www.montesclaros.mg.leg.br", "title": "Semana do Meio Ambiente ", "html": "<p align=\"center\" class=\"western\" style=\"text-align: justify; \"><em>\u00a0Por Rayhanne Tallis</em>\u00a0</p>\r\n<p align=\"justify\" class=\"western\" style=\"text-align: justify; \">A Semana do Meio Ambiente teve in\u00edcio no \u00faltimo domingo (2) e segue at\u00e9 o dia 7 de junho em Montes Claros, com o objetivo de promover a conscientiza\u00e7\u00e3o da popula\u00e7\u00e3o sobre a import\u00e2ncia da sustentabilidade, da redu\u00e7\u00e3o de res\u00edduos e da reutiliza\u00e7\u00e3o e reciclagem de materiais. Em conson\u00e2ncia com essa proposta, os vereadores apresentaram uma s\u00e9rie de requerimentos, propondo melhorias estruturais e administrativas com foco ecol\u00f3gico.</p>\r\n<p align=\"justify\" class=\"western\" style=\"text-align: justify; \">Entre os destaques est\u00e1 o requerimento n\u00ba 415, de autoria do vereador Igor Dias (PRD), que prop\u00f5e a instala\u00e7\u00e3o de banheiros p\u00fablicos autolimpantes nos parques municipais. Os primeiros locais indicados para receber os equipamentos s\u00e3o os parques Sagarana, C\u00e2ndido Canela e Milton Prates. A medida visa modernizar a infraestrutura urbana com solu\u00e7\u00f5es sustent\u00e1veis, proporcionando mais conforto e higiene aos frequentadores desses espa\u00e7os.</p>\r\n<p align=\"justify\" class=\"western\" style=\"text-align: justify; \">Complementando essa demanda, o requerimento n\u00ba 419, do vereador PC Landim (Avante), refor\u00e7a a necessidade de banheiros p\u00fablicos em pontos estrat\u00e9gicos da cidade, como nas pra\u00e7as Doutor Carlos e Coronel Ribeiro, no bairro Major Prates, Lagoa do Interlagos, entre outros, considerando locais de grande circula\u00e7\u00e3o de pessoas, com menor impacto ambiental.</p>\r\n<p align=\"justify\" class=\"western\" style=\"text-align: justify; \">J\u00e1 o requerimento n\u00ba 416, apresentado pelos vereadores Eduardo Preto (Pode) e Cris\u00f3stomo da Minas Brasil (Uni\u00e3o), solicita a instala\u00e7\u00e3o de ilumina\u00e7\u00e3o p\u00fablica nas pistas pavimentadas do Parque Municipal Milton Prates, al\u00e9m de estender a demanda a outros parques p\u00fablicos da cidade. A proposta busca incentivar o uso dos espa\u00e7os verdes e ampliar a seguran\u00e7a dos usu\u00e1rios.</p>\r\n<p align=\"justify\" class=\"western\" style=\"text-align: justify; \">A vereadora Ceci Protetora (PRD) protocolou o requerimento n\u00ba 421, solicitando que a Prefeitura viabilize o cadastro de Montes Claros para o recebimento do ICMS Ecol\u00f3gico, a fim de melhorar e ampliar a gest\u00e3o ambiental do munic\u00edpio e contribuir com mais a\u00e7\u00f5es de sustentabilidade e de preserva\u00e7\u00e3o do meio ambiente.</p>\r\n<p align=\"justify\" class=\"western\" style=\"text-align: justify; \">\u00a0</p>\r\n<p align=\"justify\" class=\"western\" style=\"text-align: justify; \">\u00a0</p>\r\n<p align=\"justify\" class=\"western\" style=\"text-align: justify; \">_______________________________________</p>\r\n<p align=\"justify\" class=\"western\" style=\"text-align: justify; \">C\u00e2mara Municipal de Montes Claros</p>\r\n<p align=\"justify\" class=\"western\" style=\"text-align: justify; \">Assessoria de Comunica\u00e7\u00e3o Social</p>\r\n<p align=\"justify\" class=\"western\" style=\"text-align: justify; \">Contatos:(38) 3690-5504 | 3690-5506 \u2013\u00a0<a href=\"mailto:ascom@montesclaros.mg.leg.br\">ascom@montesclaros.mg.leg.br</a></p>\r\n<p align=\"justify\" class=\"western\" style=\"text-align: justify; \">Facebook:\u00a0<a href=\"http://www.facebook.com/camaramoc\" target=\"_blank\">www.facebook.com/camaramoc</a></p>\r\n<p align=\"justify\" class=\"western\" style=\"text-align: justify; \">Twitter:\u00a0<a href=\"https://twitter.com/camaramoc\" target=\"_blank\">https://twitter.com/camaramoc</a></p>\r\n<p align=\"justify\" class=\"western\" style=\"text-align: justify; \">Instagram:\u00a0<a href=\"http://www.instagram.com/camaramoc\" target=\"_blank\">www.instagram.com/camaramoc</a></p>\r\n<p align=\"justify\" class=\"western\" style=\"text-align: justify; \">Site:\u00a0<a href=\"https://montesclaros.mg.leg.br/\" target=\"_blank\">https://montesclaros.mg.leg.br</a></p>\r\n<p class=\"western\">\u00a0</p>\r\n<p align=\"justify\" class=\"western\">\u00a0</p>", "author_name": "", "version": "1.0", "author_url": "https://www.montesclaros.mg.leg.br/author/cristine", "provider_name": "Montes Claros", "type": "rich"}