{"provider_url": "https://www.montesclaros.mg.leg.br", "title": "   Sa\u00fade P\u00fablica \u00e9 destaque na C\u00e2mara", "html": "<p>Por Selma Gon\u00e7alves</p>\r\n<p><span>Infraestrutura, espa\u00e7o para lazer e esporte e valoriza\u00e7\u00e3o do servidor p\u00fablico foram alguns dos temas discutidos na C\u00e2mara de Vereadores de Montes Claros. Na sess\u00e3o ordin\u00e1ria desta ter\u00e7a-feira (14) foram aprovados dois projetos e 14 requerimentos. A sa\u00fade p\u00fablica foi um dos principais assuntos da pauta do dia.</span></p>\r\n<p align=\"justify\" class=\"western\"><span>Os parlamentares cobraram intensifica\u00e7\u00e3o nas campanhas de conscientiza\u00e7\u00e3o da popula\u00e7\u00e3o para combate ao mosquito aedes aegypti transmissor da dengue, zica, febre amarela e Chikungunya.</span></p>\r\n<p align=\"justify\" class=\"western\"><span>O vereador Odair Ferreira (SD) falou a necessidade e import\u00e2ncia do carro fumac\u00ea na aplica\u00e7\u00e3o de inseticida em regi\u00f5es onde foram notificados casos dessas doen\u00e7as. \u201cTemos sofrido muito com essa epidemia de dengue e chikungunya e o carro fumac\u00ea \u00e9 mais uma arma contra essas doen\u00e7as\u201d, disse Odair.</span></p>\r\n<p align=\"justify\" class=\"western\"><span>Rodrigo Cadeirante apresentou requerimento sugerindo a secretaria de sa\u00fade a disponibiliza\u00e7\u00e3o de repelentes para os profissionais que atuam na linha de frente do combate \u00e0s endemias na zona rural e bairros, que registram altos \u00edndices de infesta\u00e7\u00e3o do mosquito. O Vereador Igor Dias (Uni\u00e3o Brasil) cobrou solu\u00e7\u00e3o para diminuir a fila para cirurgias eletivas que j\u00e1 ultrapassa 10 mil pacientes.</span></p>\r\n<p align=\"justify\" class=\"western\"><span>\u201c</span><span>Estamos vivendo um problema s\u00e9rio e cr\u00f4nico e \u00e9 preciso tartar com a devida aten\u00e7\u00e3o.N\u00f3s como vereadores temos que ser instrumentos de media\u00e7\u00e3o e cobrar a miss\u00e3o dos hospitais filantr\u00f3picos, da prefeitura que \u00e9 cuidar do povo com dignidade e de maneira satisfat\u00f3ria\u201d, ressaltou Igor.</span></p>\r\n<p align=\"justify\" class=\"western\"><span>A boa not\u00edcia \u00e9 a reativa\u00e7\u00e3o e o fortalecimento da Associa\u00e7\u00e3o dos Diab\u00e9ticos de Montes Claros. O vereador Marlus do Independ\u00eancia (PT) falou sobre o assunto na tribuna e da import\u00e2ncia da Casa legislativa e executivo abra\u00e7arem a causa.</span></p>\r\n<p align=\"justify\" class=\"western\">\u201c<span><span>Restabelecer a Adnorte era uma necessidade. Hoje, gra\u00e7as a Deus e ajuda de amigos e parceiros estamos conseguindo reestruturar a associa\u00e7\u00e3o. Atualmente, Montes Claros tem cerca de 40 mil diab\u00e9ticos e muitas vezes tem seu quadro agravado pela falta de informa\u00e7\u00e3o. A Adnorte ter\u00e1 a finalidade de levar informa\u00e7\u00e3o e garantir aos portadores dessa doen\u00e7a o tratamento e uma qualidade de vida melhor, sabendo conviver com o diabetes\u201d, ressaltou Marlus.</span></span></p>\r\n<p align=\"justify\" class=\"western\">\u00a0<span>_</span></p>\r\n<p><span><span><span><span><span><span><span><b>C\u00e2mara Municipal de Montes Claros</b></span></span></span></span></span></span></span><span><br /></span><span>Assessoria de Comunica\u00e7\u00e3o Social</span><span><br /></span><span>Contatos:(38) 3690-5504 | 3690-5506 \u2013</span><span><span><span><span><span><span><span><span><span><a href=\"mailto:ascom@montesclaros.mg.leg.br\" target=\"_self\">ascom@montesclaros.mg.leg.br</a></span></span></span></span></span></span></span></span></span><span><br /></span><span>Facebook\u00a0</span><span><span><span><span><span><span><span><span><span><a href=\"http://www.facebook.com/camaramoc\" target=\"_blank\">www.facebook.com/camaramoc</a></span></span></span></span></span></span></span></span></span><span><br /></span><span>Twitter:</span><span><span><span><span><span><span><span><span><span><a href=\"https://twitter.com/camaramoc\" target=\"_blank\">https://twitter.com/camaramoc</a></span></span></span></span></span></span></span></span></span><span><br /></span><span>Instagram:</span><span><span><span><span><span><span><span><span><span><a href=\"http://www.instagram.com/camaramoc\" target=\"_blank\">www.instagram.com/camaramoc</a></span></span></span></span></span></span></span></span></span><span><br /></span><span><span><span><span><span><span><span><span><span><span><a href=\"https://montesclaros.mg.leg.br/\" target=\"_blank\">https://montesclaros.mg.leg.br</a></span></span></span></span></span></span></span></span></span></span></p>\r\n<p align=\"justify\" class=\"western\">\u00a0</p>", "author_name": "", "version": "1.0", "author_url": "https://www.montesclaros.mg.leg.br/author/selma", "provider_name": "Montes Claros", "type": "rich"}