{"provider_url": "https://www.montesclaros.mg.leg.br", "title": "Sa\u00fade apresenta presta\u00e7\u00e3o de contas", "html": "<p align=\"left\" class=\"western\"><span><span><i>Por Gissele Niza </i></span></span></p>\r\n<p align=\"center\" class=\"western\">\u00a0</p>\r\n<p align=\"justify\" class=\"western\"><span><span><span><span>A Secretaria Municipal de Sa\u00fade de Montes Claros realizou nesta quarta-feira (29/5), no plen\u00e1rio da C\u00e2mara Municipal de Montes Claros, audi\u00eancia p\u00fablica para a apresenta\u00e7\u00e3o de relat\u00f3rio do primeiro quadrimestre do exerc\u00edcio de 2024. Trata-se de uma obriga\u00e7\u00e3o legal municipal, prevista pela Lei n\u00ba 141/2012.</span></span></span></span></p>\r\n<p align=\"justify\" class=\"western\"><span><span>Participaram da audi\u00eancia, vereadores; a secret\u00e1ria municipal de Sa\u00fade, Dulce Pimenta; o diretor de Aten\u00e7\u00e3o \u00e0 Sa\u00fade, Bruno Pinheiro; a diretora administrativa do Alpheu de Quadros, Maria do Socorro; a diretora Financeira da Sa\u00fade, Shirley Ferreira; a diretora de Vigil\u00e2ncia da Sa\u00fade, Maria Clara Lelis; t\u00e9cnicos e assistentes da secretaria Municipal de Sa\u00fade. O p\u00fablico acompanhou a sess\u00e3o de forma presencial e remota, atrav\u00e9s da TV C\u00e2mara e YouTube.</span></span></p>\r\n<p align=\"justify\" class=\"western\"><span><span><span><span>Conforme apresenta\u00e7\u00e3o feita pela diretora de Qualidade da Secretaria Municipal de Sa\u00fade, Patr\u00edcia Ferreira, a receita total da pasta para o per\u00edodo foi de R$ 258.192.410,26, enquanto a despesa liquida foi de R$ 238.632.221,21. Os investimentos feitos no setor hospitalar e ambulatorial (Santa Casa, D\u00edlson Godinho, Aroldo Tourinho, Hospital Universit\u00e1rio Clemente de Faria e M\u00e1rio Ribeiro) foram de R$ 70.867.310,05; servi\u00e7os especializados de reabilita\u00e7\u00e3o em defici\u00eancia intelectual: Apae \u2013 R$ 798.158,60; Funda\u00e7\u00e3o Clarice Albuquerque \u2013 R$ 51.651,53 e; Capelo Gaivota \u2013 R$ 41.217,75; Tratamento Fora do Domic\u00edlio (TFD) \u2013 R$ 614.082,80; Assist\u00eancia Farmac\u00eautica \u2013 R$ 2.318.644,53; produ\u00e7\u00f5es laborat\u00f3rios de an\u00e1lises cl\u00ednicas \u2013 R$ 1.704.677,05; consultas e exames com tabela diferenciada \u2013 R$ 1.526.983,66.</span></span></span></span></p>\r\n<p align=\"justify\" class=\"western\">\u00a0<b>Atendimentos</b></p>\r\n<p align=\"justify\" class=\"western\"><span>Na aten\u00e7\u00e3o prim\u00e1ria \u00e0 sa\u00fade foram atendidas 2.064.356 pessoas; na sa\u00fade bucal, foram 312.064; no Programa Consult\u00f3rio na Rua, 9.938; no Melhor em Casa, 11.375; no Sa\u00fade da Mulher, 10.896; Rede de Aten\u00e7\u00e3o Psicossocial (RAPS) \u2013 58.737 atendimentos; Pronto Atendimento Dr. Alpheu de Quadros \u2013 124.726; UPA Chiquinho Guimar\u00e3es \u2013 116.772; Policl\u00ednica Dr. Jos\u00e9 Carlos do Esp\u00edrito Santo \u2013 6.744.</span></p>\r\n<p align=\"justify\" class=\"western\"><span><span><span><span>No Programa de Controle das Doen\u00e7as Transmitidas pelo Aedes aegypti foram realizadas 287.557 visitas domiciliares. Foram castrados 528 animais \u2013 c\u00e3es e gatos; na Vigil\u00e2ncia Sanit\u00e1ria foram 3.683 atendimentos; Vigil\u00e2ncia Epidemiol\u00f3gica e Servi\u00e7o de Aten\u00e7\u00e3o Especializada (SAE) - 2.657 consultas especializadas realizadas; 812 exames de hansen\u00edase, leishmaniose e VDRL no SAE ampliado; e 7.756 testes r\u00e1pidos de Hepatite B, Hepatite C, S\u00edfilis e HIV.</span></span></span></span></p>\r\n<p align=\"justify\" class=\"western\"><span><span><span><span>Os vereadores acompanharam de forma presencial os trabalhos e, ao final da apresenta\u00e7\u00e3o, fizeram questionamentos, que foram respondidos pela secret\u00e1ria de Sa\u00fade, Dulce Pimenta. Ela falou sobre o relat\u00f3rio apresentado da execu\u00e7\u00e3o dos servi\u00e7os prestados \u00e0 popula\u00e7\u00e3o em termos de assist\u00eancia, avan\u00e7o de servi\u00e7o, investimento com pessoal, avan\u00e7o com equipes. </span></span></span></span></p>\r\n<p align=\"justify\" class=\"western\"><span>\u201c<span><span><span>Avan\u00e7amos em diversas \u00e1reas, desde a amplia\u00e7\u00e3o do acesso aos servi\u00e7os b\u00e1sicos de sa\u00fade at\u00e9 a implementa\u00e7\u00e3o de programas de preven\u00e7\u00e3o e promo\u00e7\u00e3o da sa\u00fade. Estamos empenhados em garantir que cada cidad\u00e3o receba a assist\u00eancia necess\u00e1ria para uma vida plena e saud\u00e1vel. Nossa equipe est\u00e1 trabalhando para enfrentar os desafios, buscando solu\u00e7\u00f5es inovadoras, parcerias estrat\u00e9gicas e aprimoramento constante dos nossos servi\u00e7os\u201d, afirmou Dulce Pimenta.</span></span></span></span></p>\r\n<p align=\"justify\" class=\"western\"><span><span>O relat\u00f3rio apresentado foi aprovado pelo Conselho Municipal de Sa\u00fade. </span></span></p>\r\n<p align=\"justify\" class=\"western\">\u00a0</p>\r\n<p align=\"left\" class=\"western\"><span><span>_____________________________________</span></span></p>\r\n<p align=\"left\" class=\"western\"><span><span><b>C\u00e2mara Municipal de Montes Claros</b></span></span></p>\r\n<p align=\"left\" class=\"western\"><span><span>Assessoria de Comunica\u00e7\u00e3o Social</span></span></p>\r\n<p align=\"left\" class=\"western\"><span><span>Contatos:(38) 3690-5504 | 3690-5506 \u2013 ascom@montesclaros.mg.leg.br</span></span></p>\r\n<p align=\"left\" class=\"western\"><span><span>Facebook: www.facebook.com/camaramoc</span></span></p>\r\n<p align=\"left\" class=\"western\"><span><span>Twitter: https: //twitter.com/camaramoc</span></span></p>\r\n<p align=\"left\" class=\"western\"><span><span>Instagram: www.instagram.com/camaramoc</span></span></p>\r\n<p align=\"left\" class=\"western\"><span><span>Site: https://montesclaros.mg.leg.br</span></span></p>", "author_name": "", "version": "1.0", "author_url": "https://www.montesclaros.mg.leg.br/author/gisseleoliveira", "provider_name": "Montes Claros", "type": "rich"}