{"provider_url": "https://www.montesclaros.mg.leg.br", "title": "Requerimentos aprovados em ordin\u00e1ria", "html": "<p style=\"text-align: justify; \">POR CHRISTINE ANTONINI</p>\r\n<div class=\"Ar Au Ao\" id=\":159\" style=\"text-align: justify; \">\r\n<div class=\"Am aiL Al editable LW-avf tS-tW tS-tY\" id=\":155\"><span></span>\r\n<p>Nove requerimentos foram aprovados, durante a sess\u00e3o ordin\u00e1ria desta ter\u00e7a-feira (4), na C\u00e2mara de Montes Claros. Dois solicitam melhorias para a pr\u00e1tica de esportes na regi\u00e3o do bairro Ant\u00f4nio Pimenta. O outro, de iniciativa do vereador Le\u00e3ozinho (Uni\u00e3o) pede a constru\u00e7\u00e3o de campo sint\u00e9tico na Vila Sion.</p>\r\n<p>O vereador Elair Gomes (MDB) pediu a instala\u00e7\u00e3o de duas tabelas de basquete (cestas), na pra\u00e7a Jo\u00e3o Paulo II, no bairro Ant\u00f4nio Pimenta, oferecendo outras pr\u00e1ticas esportivas na cidade. \u201cA pra\u00e7a est\u00e1 passando por reforma e isso seria uma oportunidade para colocar estes cestos, fazendo assim uma quadra de basquete\u201d, pontuou o vereador Elair.</p>\r\n<p>Tamb\u00e9m visando a \u00e1rea de lazer e esportes, o vereador Le\u00e3ozinho (Uni\u00e3o), expediu of\u00edcio pedindo a constru\u00e7\u00e3o de campo sint\u00e9tico no terreno localizado na rua Primeiro com a rua Ros\u00e2ngela Brand\u00e3o, bairro Vila Sion \u2013 o local j\u00e1 possu\u00eda um campo, por\u00e9m, est\u00e1 em desuso devido \u00e0 falta de manuten\u00e7\u00e3o.</p>\r\n<p>Os parlamentares tamb\u00e9m expediram requerimentos para o setor de infraestrutura. O vereador Wilton Dias (Avante) solicitou a inclus\u00e3o no Programa de Investimento no Cidad\u00e3o (PIC) e na Lei de Diretrizes Or\u00e7ament\u00e1ria (LDO-2025), a constru\u00e7\u00e3o de 11 Centros de Refer\u00eancia de Assist\u00eancia Social (Cras). O vereador Cl\u00e1udio Rodrigues (Cidadania) pediu que seja inclu\u00edda a avenida Djalma de Freitas, no bairro Castelo Branco, no PIC.</p>\r\n<p>De acordo com a vereadora Gra\u00e7a da Casa do Motor (Uni\u00e3o), est\u00e1 cada vez maior o n\u00famero de gados e cavalos soltos nas estradas rurais. Por isso, solicita, al\u00e9m da fiscaliza\u00e7\u00e3o, que o DER e a Pol\u00edcia Militar, recolham esses animais e que os propriet\u00e1rios sejam responsabilizados legalmente.</p>\r\n<p>A vereadora Ceci Protetora (PRD), elaborou anteprojeto de lei para que seja institu\u00eddo o Cadastro de Protetores e Entidades de Prote\u00e7\u00e3o Animal no Munic\u00edpio de Montes Claros. Segundo a vereadora, a proposta se faz necess\u00e1ria, uma vez que existem muitos animais abandonados nas ruas e os protetores n\u00e3o conseguem arcar com os altos custos com medicamentos, consultas, ra\u00e7\u00e3o e abrigo.</p>\r\n<p>\u201cCom o cadastro essas pessoas e entidades poder\u00e3o receber ajuda financeira do munic\u00edpio que contribuir\u00e1 com o resgate e cuidado com os animais que sofrem maus-tratos\u201d, defendeu a parlamentar.</p>\r\n<p>O \u00faltimo requerimento aprovado, de iniciativa do vereador Daniel Dias (PCdoB), solicita da Secretaria de Finan\u00e7as, informa\u00e7\u00f5es precisas quanto aos valores gastos no custeio da ilumina\u00e7\u00e3o p\u00fablica e os valores arrecadados durante o per\u00edodo de 2020 a 2023.</p>\r\n<p><strong>EVENTOS</strong></p>\r\n<p>8/7 \u2013 19h \u2013 Homenagem aos Arautos do Evangelho \u2013 vereador Soter Magno.</p>\r\n<p>O T\u00edtulo de Cidad\u00e3o Benem\u00e9rito que seria entregue ao m\u00e9dico Daniel Silva Ramos, no dia 4/7, foi adiado para 1\u00b0 de agosto, \u00e0s 19h30 \u2013 vereador Igor Dias.</p>\r\n<p>\u00a0</p>\r\n<p>\u00a0</p>\r\n<p>______________________________________________</p>\r\n<p align=\"left\" class=\"western\"><span><span><span><span><span><span><span>C\u00e2mara Municipal de Montes Claros</span></span></span></span></span></span></span><span><span><span><span><span><span><b><br /> </b></span></span></span></span></span></span><span><span><span><span><span><span><span>Assessoria de Comunica\u00e7\u00e3o Social<br /> Contatos:(38) 3690-5504 | 3690-5506 \u2013ascom@montesclaros.mg.leg.br<br /> Facebook\u00a0</span></span></span></span></span></span></span><span><a href=\"http://www.facebook.com/camaramoc\" target=\"_blank\"><span><span><span><span><span><span><span><span><span>www.facebook.com/camaramoc<br /> </span></span></span></span></span></span></span></span></span></a></span><span><span><span><span><span><span><span>Twitter:</span></span></span></span></span></span></span><span><a href=\"https://twitter.com/camaramoc\" target=\"_blank\"><span><span><span><span><span><span><span><span><span>https://twitter.com/camaramoc<br /> </span></span></span></span></span></span></span></span></span></a></span><span><span><span><span><span><span><span>Instagram:</span></span></span></span></span></span></span><span><span><span><span><span><span><span><span><span><span><a href=\"http://www.instagram.com/camaramoc\" target=\"_blank\">www.instagram.com/camaramoc<br /> </a><a href=\"https://montesclaros.mg.leg.br/\" target=\"_blank\">https://montesclaros.mg.leg.br</a></span></span></span></span></span></span></span></span></span></span></p>\r\n<p>\u00a0</p>\r\n<p>\u00a0</p>\r\n<p>\u00a0</p>\r\n<p>\u00a0</p>\r\n<p>\u00a0</p>\r\n<p>\u00a0</p>\r\n<p>\u00a0</p>\r\n<p>\u00a0</p>\r\n<p>\u00a0</p>\r\n</div>\r\n</div>", "author_name": "", "version": "1.0", "author_url": "https://www.montesclaros.mg.leg.br/author/cristine", "provider_name": "Montes Claros", "type": "rich"}