{"provider_url": "https://www.montesclaros.mg.leg.br", "title": "Projetos s\u00e3o aprovados em ordin\u00e1ria", "html": "<p style=\"text-align: justify; \">POR CHRISTINE ANTONINI</p>\r\n<p style=\"text-align: justify; \">Os vereadores de Montes Claros analisaram, durante a sess\u00e3o ordin\u00e1ria desta ter\u00e7a-feira, 28, quatro projetos de iniciativa do Legislativo e um do Executivo. Houve pedido de vista para iniciativa do executivo e a rejei\u00e7\u00e3o de projeto apresentado pela vereadora Ceci Protetora (PP).</p>\r\n<p style=\"text-align: justify; \">A pedido do vereador Daniel Dias (PCdoB), os projetos n\u00b030/2021 e n\u00b048/2021 foram aprovados em bloco. O primeiro, de iniciativa da vereadora Gra\u00e7a da Casa do Motor (PSL), concede Placa Alferes Jos\u00e9 Lopes de Carvalho ao secret\u00e1rio de Agropecu\u00e1ria Osmani Barbosa Neto. A segunda proposta entrega T\u00edtulo de Cidad\u00e3o Honor\u00e1rio ao secret\u00e1rio estadual de Infraestrutura Fernando Schark Marcato \u2013 o t\u00edtulo \u00e9 de autoria do vereador Wilton Dias (PTB).</p>\r\n<p style=\"text-align: justify; \">De autoria do vereador Elair Gomes (MDB), o projeto n\u00b075/2021 disp\u00f5e sobre a proibi\u00e7\u00e3o de realiza\u00e7\u00e3o de tatuagem e implanta\u00e7\u00e3o de piercing em animais dom\u00e9sticos e silvestres, com fins est\u00e9ticos.</p>\r\n<p style=\"text-align: justify; \">A C\u00e2mara reprovou o projeto (n\u00b048/2021) da vereadora Ceci Protetora (PP), que institu\u00eda a campanha \u201cJunho Arco-\u00cdris\" e o Dia Municipal do Orgulho LGBTQUIA+ no calend\u00e1rio oficial do munic\u00edpio de Montes Claros. J\u00e1 o vereador Rodrigo Cadeirante (Rede), pediu vista ao projeto n\u00b080/2021, do Executivo Municipal, que autoriza a aliena\u00e7\u00e3o ou doa\u00e7\u00e3o de bens e produtos apreendidos pelo munic\u00edpio de Montes Claros.</p>\r\n<p style=\"text-align: justify; \">\u00a0</p>\r\n<p align=\"justify\"><span>________________________________________</span><br /><span>C\u00e2mara Municipal de Montes Claros</span><br /><span>Assessoria de Comunica\u00e7\u00e3o Social</span><br /><span>Contatos:(38) 3690-5504 | 3690-5506 \u2013\u00a0</span><a href=\"http://ascom@montesclaros.mg.leg.br/\" target=\"_blank\"><span>ascom@montesclaros.mg.leg.br</span></a><br /><span>Facebook:</span><a target=\"_blank\"><span>\u00a0www.facebook.com/camaramoc</span></a><br /><span>Twitter:\u00a0</span><a href=\"https://twitter.com/camaramoc\" target=\"_blank\"><span>https://twitter.com/camaramoc</span></a><br /><span>Instagram:\u00a0</span><a href=\"https://twitter.com/camaramoc\" target=\"_blank\"><span>www.instagram.com/camaramoc</span></a><br /><a href=\"https://www.montesclaros.mg.leg.br/\" target=\"_self\"><span>https://montesclaros.mg.leg.br</span></a></p>", "author_name": "", "version": "1.0", "author_url": "https://www.montesclaros.mg.leg.br/author/cristine", "provider_name": "Montes Claros", "type": "rich"}