{"provider_url": "https://www.montesclaros.mg.leg.br", "title": "Projetos e eventos movimentam a C\u00e2mara", "html": "<p>Al\u00e9m da sess\u00e3o ordin\u00e1ria desta ter\u00e7a-feira (03) a C\u00e2mara Municipal de Montes Claros realiza nesta semana, dois eventos, um na sexta-feira (06) e outro no s\u00e1bado (07). Para a reuni\u00e3o de amanh\u00e3, h\u00e1 um projeto em pauta, que destina T\u00edtulo Declarat\u00f3rio de Utilidade P\u00fablica para o Instituto Ivan Guedes.<br /> <br /> Na sexta-feira a Escola do Legislativo homenageia os melhores poetas do ano, do Concurso de Poesias da escola. O evento ser\u00e1 \u00e0s 19h. <br /> <br /> J\u00e1 no s\u00e1bado, \u00e0s 8h30, de autoria do vereador Junior Martins (PP), a Casa Legislativa concede o T\u00edtulo de Cidad\u00e3o Benem\u00e9rito a Fl\u00e1vio Roscoe, Presidente da Federa\u00e7\u00e3o das Ind\u00fastrias do Estado de Minas Gerais (FIEMG) e a Walker Lahamann, Diretor Executivo da Eurofarma. <br /> <br /> Confira a agenda completa &lt;<a class=\"external-link\" href=\"https://www.montesclaros.mg.leg.br/institucional/eventos\" target=\"_self\" title=\"\">AQUI</a>&gt;</p>", "author_name": "", "version": "1.0", "author_url": "https://www.montesclaros.mg.leg.br/author/gisseleoliveira", "provider_name": "Montes Claros", "type": "rich"}