{"provider_url": "https://www.montesclaros.mg.leg.br", "title": "Projetos destinam doa\u00e7\u00f5es de ve\u00edculos", "html": "<p style=\"text-align: justify; \">Por Christine Antonini</p>\r\n<p style=\"text-align: justify; \">A C\u00e2mara Municipal de Montes Claros aprovou, na sess\u00e3o ordin\u00e1ria desta ter\u00e7a-feira (9/12), cinco projetos inclu\u00eddos na Ordem do Dia \u2014 tr\u00eas de autoria do Executivo e dois do Legislativo. Entre as proposi\u00e7\u00f5es, est\u00e1 o Projeto de Lei n\u00ba 220/2025, que autoriza a doa\u00e7\u00e3o de equipamentos \u00e0 Pol\u00edcia Civil.</p>\r\n<p style=\"text-align: justify; \">A medida prev\u00ea a formaliza\u00e7\u00e3o de parceria entre a Secretaria Municipal de Seguran\u00e7a Integrada e o Governo de Minas Gerais para a entrega de cinco computadores completos, cinco estabilizadores de tens\u00e3o, dois aparelhos de ar-condicionado e um bebedouro. Os itens, avaliados em R$ 47.730,67, ser\u00e3o utilizados para refor\u00e7ar a estrutura operacional da Pol\u00edcia Civil no munic\u00edpio.</p>\r\n<p style=\"text-align: justify; \">Outro destaque foi a aprova\u00e7\u00e3o do Projeto de Lei n\u00ba 222/2025, que autoriza a doa\u00e7\u00e3o de ve\u00edculos novos \u00e0 Associa\u00e7\u00e3o de Pais e Amigos dos Excepcionais de Montes Claros (Apae) e \u00e0 Funda\u00e7\u00e3o Hospitalar de Montes Claros. A Apae receber\u00e1 uma van de transporte sanit\u00e1rio com acessibilidade, enquanto a Funda\u00e7\u00e3o Hospitalar ser\u00e1 beneficiada com uma ambul\u00e2ncia tipo A.</p>\r\n<p style=\"text-align: justify; \">J\u00e1 o Projeto de Lei n\u00ba 221/2025 autoriza a celebra\u00e7\u00e3o de conv\u00eanio com a Universidade Estadual de Montes Claros (Unimontes) para a doa\u00e7\u00e3o de outra ambul\u00e2ncia do mesmo tipo a ser utilizada no Hospital Clemente de Faria.</p>\r\n<p style=\"text-align: justify; \">Do Legislativo, dois projetos tamb\u00e9m foram aprovados. O primeiro, de n\u00ba 88/2025, de autoria da vereadora Professora Iara Pimentel (PT), concede o T\u00edtulo de Cidad\u00e3o Honor\u00e1rio ao diretor da UFMG, H\u00e9lder dos Anjos Augusto. O segundo, n\u00ba 89/2025, apresentado pelo vereador Daniel Dias (PCdoB), concede a honraria ao ex-deputado federal W\u00e1dson Nathaniel Ribeiro.</p>\r\n<p style=\"text-align: justify; \">\u00a0</p>\r\n<p style=\"text-align: justify; \">\u00a0</p>\r\n<p align=\"justify\" class=\"western\" style=\"text-align: justify; \"><span>_______________________________________</span></p>\r\n<p align=\"justify\" class=\"western\" style=\"text-align: justify; \"><span><span><span><span><span><span><b>C\u00e2mara Municipal de Montes Claros</b></span></span></span></span></span></span></p>\r\n<p align=\"justify\" class=\"western\" style=\"text-align: justify; \"><span><span><span><span><span><span><b></b></span></span></span></span></span></span><span>Assessoria de Comunica\u00e7\u00e3o Social</span></p>\r\n<p align=\"justify\" class=\"western\" style=\"text-align: justify; \"><span></span><span>Contatos:(38) 3690-5504 | 3690-5506 \u2013\u00a0</span><span><a href=\"mailto:ascom@montesclaros.mg.leg.br\">ascom@montesclaros.mg.leg.br</a></span></p>\r\n<p align=\"justify\" class=\"western\" style=\"text-align: justify; \"><span>Facebook:\u00a0</span><span><a href=\"http://www.facebook.com/camaramoc\" target=\"_blank\"><span>www.facebook.com/camaramoc</span></a></span></p>\r\n<p align=\"justify\" class=\"western\" style=\"text-align: justify; \"><span>Twitter:\u00a0</span><span><a href=\"https://twitter.com/camaramoc\" target=\"_blank\"><span>https://twitter.com/camaramoc</span></a></span></p>\r\n<p align=\"justify\" class=\"western\" style=\"text-align: justify; \"><span>Instagram:\u00a0</span><span><a href=\"http://www.instagram.com/camaramoc\" target=\"_blank\"><span>www.instagram.com/camaramoc</span></a></span></p>\r\n<p align=\"justify\" class=\"western\" style=\"text-align: justify; \"><span>Site:\u00a0</span><span><a href=\"https://montesclaros.mg.leg.br/\" target=\"_blank\"><span>https://montesclaros.mg.leg.br</span></a></span></p>\r\n<p style=\"text-align: justify; \">\u00a0</p>\r\n<p style=\"text-align: justify; \">\u00a0</p>\r\n<p style=\"text-align: justify; \">\u00a0</p>", "author_name": "", "version": "1.0", "author_url": "https://www.montesclaros.mg.leg.br/author/cristine", "provider_name": "Montes Claros", "type": "rich"}