{"provider_url": "https://www.montesclaros.mg.leg.br", "title": "Projetos aprovados nesta quinta-feira", "html": "<p align=\"justify\" class=\"western\"><em>Por Gissele Niza</em></p>\r\n<p align=\"justify\" class=\"western\"><br /> Na reuni\u00e3o ordin\u00e1ria desta quinta-feira (6/3), a C\u00e2mara Municipal de Montes Claros aprovou quatro projetos, sendo um de resolu\u00e7\u00e3o e tr\u00eas de lei.</p>\r\n<p align=\"justify\" class=\"western\">De autoria da vereadora Maria Helena Lopes (MDB), foi aprovado o Projeto de Resolu\u00e7\u00e3o 13/2025 que concede o T\u00edtulo de Cidad\u00e3o Benem\u00e9rito \u00e0 Juvenal Caldeira Dur\u00e3es, pelos relevantes servi\u00e7os sociais prestados ao munic\u00edpio e regi\u00e3o.</p>\r\n<p align=\"justify\" class=\"western\">O Projeto de Lei n\u00ba 16/2025 concede T\u00edtulo Declarat\u00f3rio de Utilidade P\u00fablica para a Associa\u00e7\u00e3o Rural e Ambiental Amigos do Recanto \u2013 ARAAR, do distrito de Santa Rosa de Lima. A proposi\u00e7\u00e3o \u00e9 do vereador Wilton Dias (Avante).</p>\r\n<p align=\"justify\" class=\"western\">A vereadora Carol Figueiredo (PL) apresentou o Projeto de Lei 18/2025 que concede T\u00edtulo Declarat\u00f3rio de Utilidade P\u00fablica ao Centro de Reabilita\u00e7\u00e3o Contra Depend\u00eancia Qu\u00edmica Gileade.</p>\r\n<p align=\"justify\" class=\"western\">Por fim, foi tamb\u00e9m foi aprovado o Projeto de Lei 19/2025, de autoria do vereador Eldair Samambaia (PSD), que concede T\u00edtulo Declarat\u00f3rio de Utilidade P\u00fablica \u00e0 Associa\u00e7\u00e3o de Moradores e Produtores Rurais da Comunidade do Gandu.</p>\r\n<p align=\"justify\" class=\"western\">A concess\u00e3o de Utilidade P\u00fablica possibilita \u00e0 entidade firmar conv\u00eanios com o Poder P\u00fablico e reivindicar, nos \u00f3rg\u00e3os competentes, isen\u00e7\u00e3o de contribui\u00e7\u00f5es destinadas \u00e0 seguridade social e pagamento de taxas cobradas por cart\u00f3rios.</p>\r\n<p align=\"justify\" class=\"western\"><em><span><span><span><span><span><span><span>_______________________________</span></span></span></span></span></span></span></em></p>\r\n<p class=\"western\"><span><span><span><span><span><span><b>C\u00e2mara Municipal de Montes Claros</b></span></span></span></span></span></span><span><span><span><span><span><span><span><br /> Assessoria de Comunica\u00e7\u00e3o Social<br /> Contatos: (38) 3690-5504 | 3690-5506 \u2013</span></span></span></span></span></span></span><span><span><a href=\"mailto:ascom@montesclaros.mg.leg.br\" target=\"_self\"><span><span><span><span><span><span><span><span><span>ascom@montesclaros.mg.leg.br</span></span></span></span></span></span></span></span></span></a></span></span><span><span><span><span><span><span><span><br /> Facebook: </span></span></span></span></span></span></span><span><span><a href=\"http://www.facebook.com/camaramoc\" target=\"_blank\"><span><span><span><span><span><span><span><span><span>www.facebook.com/camaramoc</span></span></span></span></span></span></span></span></span></a></span></span><span><span><span><span><span><span><span><br /> Twitter: https</span></span></span></span></span></span></span><span><span><a href=\"https://twitter.com/camaramoc\" target=\"_blank\"><span><span><span><span><span><span><span><span><span>://twitter.com/camaramoc</span></span></span></span></span></span></span></span></span></a></span></span><span><span><span><span><span><span><span><br /> Instagram: www</span></span></span></span></span></span></span><span><span><a href=\"http://www.instagram.com/camaramoc\" target=\"_blank\"><span><span><span><span><span><span><span><span><span>.instagram.com/camaramoc</span></span></span></span></span></span></span></span></span></a></span></span><span><span><span><span><span><span><span><br /> </span></span></span></span></span></span></span><span><span><a href=\"https://montesclaros.mg.leg.br/\" target=\"_blank\"><span><span><span><span><span><span><span><span><span>https://montesclaros.mg.leg.br</span></span></span></span></span></span></span></span></span></a></span></span></p>", "author_name": "", "version": "1.0", "author_url": "https://www.montesclaros.mg.leg.br/author/gisseleoliveira", "provider_name": "Montes Claros", "type": "rich"}