{"provider_url": "https://www.montesclaros.mg.leg.br", "title": "Ponto facultativo", "html": "<p style=\"text-align: justify; \">De acordo com a Portaria n\u00b0148/2021 fica decretado ponto facultativo nesta sexta-feira, 6 de agosto, nas depend\u00eancias da C\u00e2mara de Montes Claros.</p>\r\n<p style=\"text-align: justify; \">O ponto facultativo tem a finalidade de evitar aglomera\u00e7\u00e3o no <a class=\"external-link\" href=\"https://montesclaros.mg.leg.br/institucional/noticias/camara-de-montes-claros-passara-a-funcionar-em-um-unico-endereco\" target=\"_self\" title=\"\">evento </a>a ser realizado pela Casa para a inaugura\u00e7\u00e3o da 5\u00b0 etapa do pr\u00e9dio.</p>\r\n<p style=\"text-align: justify; \">Os servidores voltar\u00e3o normalmente suas atividades na segunda-feira, 9 de agosto.</p>\r\n<p style=\"text-align: justify; \">\u00a0</p>\r\n<p style=\"text-align: justify; \">\u00a0</p>\r\n<p><span>_________________________________________________</span><br /><span>C\u00e2mara Municipal de Montes Claros</span><br /><span>Assessoria de Comunica\u00e7\u00e3o Social</span><br /><span>Contatos:(38) 3690-5504\u00a0 | 3690-5506 \u2013 ascom@montesclaros.mg.leg.br</span><br /><span>Facebook: www.facebook.com/camaramoc</span><br /><span>Twitter: https://twitter.com/camaramoc</span><br /><span>Instagram: www.instagram.com/camaramoc</span><br /><span>https://montesclaros.mg.leg.br</span></p>", "author_name": "", "version": "1.0", "author_url": "https://www.montesclaros.mg.leg.br/author/cristine", "provider_name": "Montes Claros", "type": "rich"}