{"provider_url": "https://www.montesclaros.mg.leg.br", "title": "Parlamentares cobram asfalto", "html": "<p style=\"text-align: justify; \"><em>Por Christine Antonini</em></p>\r\n<p style=\"text-align: justify; \">Na sess\u00e3o ordin\u00e1ria desta ter\u00e7a-feira (10/6), o Legislativo Municipal aprovou 13 requerimentos voltados \u00e0 melhoria da infraestrutura da cidade, com destaque especial para obras de pavimenta\u00e7\u00e3o asf\u00e1ltica. As solicita\u00e7\u00f5es, apresentadas por diversos vereadores, atendem a demandas antigas da popula\u00e7\u00e3o e visam melhorar a mobilidade urbana, promover mais seguran\u00e7a no tr\u00e2nsito e valorizar os bairros atendidos.</p>\r\n<p style=\"text-align: justify; \">De iniciativa do vereador Marcos Nem (Pode), o requerimento n\u00b0426/2025, solicita a manuten\u00e7\u00e3o e a realiza\u00e7\u00e3o do asfaltamento da rua Santa Cristina e limpeza (capina) da rua Afr\u00e2nio Nunes Temponi, no bairro Vila Ipiranga. J\u00e1 o requerimento do vereador Ailton do Vilage (MDB) solicita ao prefeito Guilherme Guimar\u00e3es, o recapeamento asf\u00e1ltico da rua Manoel Bandeira, no bairro Planalto.</p>\r\n<p style=\"text-align: justify; \">O of\u00edcio n\u00b0427/2025, de autoria da vereadora Carol Figueiredo (PL), reivindica pavimenta\u00e7\u00e3o asf\u00e1ltica da rua Geralda Monteiro, n\u00ba 755, bairro Santo Amaro \u2013 beneficiando o Cemei Professora Udilma Porto de Souza. Segundo a parlamentar, moradores pedem dignidade, pois vivem h\u00e1 anos nessa rua sem asfalto.</p>\r\n<p style=\"text-align: justify; \">\u201c\u00c9 um feito que vai trazer diversos benef\u00edcios como seguran\u00e7a, sa\u00fade, acessibilidade e bem-estar de toda a comunidade escolar e entorno\u201d, justificou Figueiredo.</p>\r\n<p style=\"text-align: justify; \">Tamb\u00e9m foram aprovados outros requerimentos voltados para infraestrutura, como o de n\u00b0422/2025, de autoria da vereadora Maria Helena Lopes (MDB), reivindicando, com urg\u00eancia, a execu\u00e7\u00e3o das obras de drenagem e recapeamento da rua Quinca Souto, especialmente a partir do n\u00ba 288, em toda sua extens\u00e3o. De acordo com a parlamentar, a via encontra-se em condi\u00e7\u00f5es extremamente prec\u00e1rias, apresentando crateras, buracos, desn\u00edveis acentuados, dificultando o tr\u00e1fego de ve\u00edculos e pedestres.</p>\r\n<p style=\"text-align: justify; \">\u201cTamb\u00e9m coloca em risco a seguran\u00e7a da popula\u00e7\u00e3o local. Ressaltamos que a rua Quinca Souto \u00e9 extensa e de grande circula\u00e7\u00e3o, servindo como importante via de acesso a outras regi\u00f5es do bairro\u201d, explicou Maria Helena.</p>\r\n<p style=\"text-align: justify; \">De iniciativa do vereador Cris\u00f3stomo da Minas Brasil (Uni\u00e3o) o of\u00edcio n\u00b0424/2025, solicitou a constru\u00e7\u00e3o de passarela para pedestres e a melhoria na ilumina\u00e7\u00e3o p\u00fablica na entrada da rua Jo\u00e3o Xavier Mendon\u00e7a, no bairro Vila Sion.</p>\r\n<p style=\"text-align: justify; \">\u00a0</p>\r\n<p style=\"text-align: justify; \"><strong>OUTROS REQUERIMENTOS</strong></p>\r\n<p style=\"text-align: justify; \">A vereadora Gra\u00e7a da Casa do Motor (Uni\u00e3o), n\u00b0423/2025 encaminhou requerimento solicitando a constru\u00e7\u00e3o de uma Casa de Vel\u00f3rio na Comunidade Rural de Campos El\u00edseos. O vereador Soter Magno (PSD) reivindica ao Executivo que seja feito acostamento das duas pistas de acesso ao Aeroporto de Montes Claros.</p>\r\n<p style=\"text-align: justify; \">O requerimento n\u00b0428/2025, de autoria do vereador Eduardo Preto (Pode), solicita a cria\u00e7\u00e3o de equipes permanentes de manuten\u00e7\u00e3o para os parques municipais da cidade. Segundo o vereador a medida visa garantir a conserva\u00e7\u00e3o cont\u00ednua dos espa\u00e7os p\u00fablicos destinados ao lazer, ao esporte e ao conv\u00edvio da popula\u00e7\u00e3o.</p>\r\n<p style=\"text-align: justify; \">\u201cA falta de manuten\u00e7\u00e3o regular compromete a seguran\u00e7a dos frequentadores, a qualidade da infraestrutura e a preserva\u00e7\u00e3o ambiental das \u00e1reas verdes\u201d, defendeu Preto.</p>\r\n<p style=\"text-align: justify; \">O vereador Rodrigo Cadeirante (Uni\u00e3o) expediu of\u00edcio ao prefeito Guilherme Guimar\u00e3es, com c\u00f3pia ao secret\u00e1rio Vanderlino Silveira e ao diretor da Amasbe, solicitando a retomada da obra para finalizar o canal do Cintra, entre a avenida Coronel Luiz Maia e a pra\u00e7a das Til\u00e1pias. Cadeirante destacou que a medida \u00e9 de suma import\u00e2ncia, pois, dar\u00e1 fim a focos de doen\u00e7as, lixo e entulho.</p>\r\n<p style=\"text-align: justify; \">\u201cLembrando que a obra \u00e9 esperada h\u00e1 mais de 50 anos e sua conclus\u00e3o era compromisso do ex-prefeito Humberto Souto\u201d, pontuou o parlamentar.</p>\r\n<p style=\"text-align: justify; \">Visando fomentar a cultura local, o vereador Igor Dias (PRD), solicita ao prefeito Guilherme Guimar\u00e3es, apoio institucional e log\u00edstico \u00e0 realiza\u00e7\u00e3o de encontros e circuitos gastron\u00f4micos nas pra\u00e7as p\u00fablicas do munic\u00edpio, com apresenta\u00e7\u00f5es musicais e valoriza\u00e7\u00e3o da culin\u00e1ria t\u00edpica regional.</p>\r\n<p style=\"text-align: justify; \">\u201cA iniciativa visa promover a cultura, turismo, a economia e a valoriza\u00e7\u00e3o da gastronomia local, por meio de eventos que re\u00fanem artistas, empreendedores, produtores e cozinheiros em espa\u00e7os p\u00fablicos, especialmente nas pra\u00e7as, que s\u00e3o pontos de encontro natural da comunidade\u201d, explicou o parlamentar.</p>\r\n<p style=\"text-align: justify; \">O requerimento n\u00b0432/2025, de autoria da vereadora Ceci Protetora (PRD) pede que o munic\u00edpio ofere\u00e7a o servi\u00e7o de disposi\u00e7\u00e3o final de cad\u00e1veres de animais dom\u00e9sticos para a popula\u00e7\u00e3o de baixa renda. A vereadora explica que o cad\u00e1ver animal \u00e9 classificado como res\u00edduo de sa\u00fade e deve ter a destina\u00e7\u00e3o correta. No entanto, muitas vezes s\u00e3o enterrados em terrenos baldios ou at\u00e9 no quintal de casa.</p>\r\n<p style=\"text-align: justify; \">Atrav\u00e9s do requerimento n\u00b0434/2025, a vereadora Professora Iara Pimentel (PT) solicita ao prefeito Guilherme Guimar\u00e3es e ao secret\u00e1rio de Sa\u00fade, o pagamento da produtividade para os profissionais que atuam na Aten\u00e7\u00e3o B\u00e1sica ou Prim\u00e1ria de Sa\u00fade. A vereadora pondera que as unidades oferecem uma diversidade de servi\u00e7os realizados pelos SUS, incluindo acolhimento com classifica\u00e7\u00e3o de risco, consultas, sa\u00fade bucal, distribui\u00e7\u00e3o e administra\u00e7\u00e3o de medicamentos, vacinas, entre outros.</p>\r\n<p style=\"text-align: justify; \">O vereador PC Landim (Avante) solicita ao prefeito Guilherme Guimar\u00e3es, a implanta\u00e7\u00e3o de uma quadra esportiva na futura pra\u00e7a p\u00fablica do bairro Canelas II. J\u00e1 outro requerimento do vereador Eduardo Preto, encaminha anteprojeto que \"Institui o Programa de Garantia de Renda M\u00ednima Associada a A\u00e7\u00f5es Socioeducativas, Bolsa Escola.</p>\r\n<p style=\"text-align: justify; \">\u00a0</p>\r\n<p align=\"left\" class=\"western\"><span><span><i>___________________________________</i></span></span></p>\r\n<p align=\"left\" class=\"western\"><span><span><span><span><span><span><b>C\u00e2mara Municipal de Montes Claros<br /> </b></span></span></span></span></span></span><span><span><span><span><span><span><span>Assessoria de Comunica\u00e7\u00e3o Social<br /> Contatos:(38) 3690-5504 | 3690-5506 \u2013ascom@montesclaros.mg.leg.br<br /> Facebook\u00a0</span></span></span></span></span></span></span><span><a href=\"http://www.facebook.com/camaramoc\" target=\"_blank\"><span><span><span><span><span><span><span><span><span>www.facebook.com/camaramoc<br /> </span></span></span></span></span></span></span></span></span></a></span><span><span><span><span><span><span><span>Twitter:</span></span></span></span></span></span></span><span><a href=\"https://twitter.com/camaramoc\" target=\"_blank\"><span><span><span><span><span><span><span><span><span>https://twitter.com/camaramoc<br /> </span></span></span></span></span></span></span></span></span></a></span><span><span><span><span><span><span><span>Instagram:</span></span></span></span></span></span></span><span><span><a href=\"http://www.instagram.com/camaramoc\" target=\"_blank\">www.instagram.com/camaramoc<br /> </a><a href=\"https://montesclaros.mg.leg.br/\" target=\"_blank\">https://montesclaros.mg.leg.br</a></span></span></p>", "author_name": "", "version": "1.0", "author_url": "https://www.montesclaros.mg.leg.br/author/cristine", "provider_name": "Montes Claros", "type": "rich"}