{"provider_url": "https://www.montesclaros.mg.leg.br", "title": "Parab\u00e9ns ao prefeito Humberto Souto", "html": "<p>Por JERUSIA ARRUDA</p>\r\n<p style=\"text-align: justify; \">Nesta quinta-feira (03/06), o prefeito de Montes Claros, Humberto Guimar\u00e3es Souto, completa 87 anos. A C\u00e2mara Municipal, atrav\u00e9s dos vereadores e seus servidores, parabeniza e manifesta seu reconhecimento ao gestor municipal pelos relevantes servi\u00e7os prestados ao Munic\u00edpio, ao Estado e \u00e0 Na\u00e7\u00e3o.</p>\r\n<p style=\"text-align: justify; \"><strong>Biografia</strong><br />Humberto Guimaraes Souto nasceu em Montes Claros, Minas Gerais, no dia 3 de junho de 1934, filho de Am\u00e9rico Souto e de Maria da Concei\u00e7\u00e3o Guimar\u00e3es.</p>\r\n<p style=\"text-align: justify; \">Aos oito anos come\u00e7ou a trabalhar na lavanderia de seu pai e em 1948 tornou-se administrador de uma fazenda comprada por sua m\u00e3e. Fez um curso t\u00e9cnico em contabilidade em Montes Claros, enquanto trabalhava em um escrit\u00f3rio do ramo. Formado, partiu para um neg\u00f3cio pr\u00f3prio no munic\u00edpio de Capit\u00e3o En\u00e9as (MG). Tr\u00eas anos depois abriu um escrit\u00f3rio maior em Montes Claros.</p>\r\n<p style=\"text-align: justify; \">Transferiu-se para o Rio de Janeiro, onde cursou a Faculdade Brasileira de Ci\u00eancias Jur\u00eddicas, que concluiu em 1962. Em outubro desse mesmo ano retornou \u00e0 Minas Gerais e elegeu-se vereador em Montes Claros, na legenda do PSD.</p>\r\n<p style=\"text-align: justify; \">Com a extin\u00e7\u00e3o dos partidos e a instaura\u00e7\u00e3o do bipartidarismo, filiou-se \u00e0 Arena, partido de apoio ao regime militar instaurado. Candidatou-se \u00e0 assembleia legislativa de Minas Gerais, na legenda da Arena, mas n\u00e3o foi eleito. Deixou a c\u00e2mara municipal de Montes Claros em janeiro de 1966.</p>\r\n<p style=\"text-align: justify; \">Em novembro de 1970 concorreu novamente ao cargo de deputado estadual por Minas Gerais, na legenda da Arena, e obteve apenas uma supl\u00eancia. Com a ren\u00fancia do titular, assumiu o mandato em 1973. Participou dos trabalhos legislativos como presidente da Comiss\u00e3o de Assuntos da Superintend\u00eancia do Desenvolvimento do Nordeste (Sudene) e est\u00edmulos fiscais, membro titular da Comiss\u00e3o de Agropecu\u00e1ria e Pol\u00edtica Rural.</p>\r\n<p style=\"text-align: justify; \">Em 1974 elegeu-se deputado federal na legenda da Arena. Atuou como membro titular da Comiss\u00e3o de Agricultura e Pol\u00edtica Rural, da CPI sobre remunera\u00e7\u00e3o trabalhista e suplente da Comiss\u00e3o de Economia, Ind\u00fastria e Com\u00e9rcio, da comiss\u00e3o do Pol\u00edgono das Secas, da comiss\u00e3o especial sobre a redivis\u00e3o territorial, da CPI das loterias, da CPI da Sudene e da Comiss\u00e3o do Interior.</p>\r\n<p style=\"text-align: justify; \">Reeleito em 1978, participou dos trabalhos legislativos como vice-presidente da Comiss\u00e3o de Agricultura e Pol\u00edtica Rural. Com o fim do bipartidarismo em 1979, filiou-se ao PDS, sucessor da Arena. Prosseguiu atuando como membro titular e presidente da Comiss\u00e3o de Fiscaliza\u00e7\u00e3o Financeira e Tomada de Contas e como membro titular da Comiss\u00e3o de Defesa do Consumidor.</p>\r\n<p style=\"text-align: justify; \">Em 1982 reelegeu-se deputado federal pela legenda do PDS. Ainda em 1984, Humberto Souto saiu do PDS e ingressou como membro fundador na Frente Liberal, formada por dissidentes daquele partido, e que viria a se tornar o Partido da Frente Liberal. Nesse mandato atuou como vice-presidente da c\u00e2mara e, em abril de 1985 assumiu a presid\u00eancia da casa.</p>\r\n<p style=\"text-align: justify; \">Pela legenda do PFL foi eleito deputado federal em novembro de 1986. Participou dos trabalhos da Assembleia Nacional Constituinte como membro titular da Subcomiss\u00e3o do Poder Executivo, da Comiss\u00e3o de Organiza\u00e7\u00e3o dos Poderes e Sistema de Governo e da Comiss\u00e3o e Reda\u00e7\u00e3o. Com a promulga\u00e7\u00e3o da Constitui\u00e7\u00e3o de 1988, atuou como presidente da Comiss\u00e3o de Agricultura Pol\u00edtica Rural, membro titular da Comiss\u00e3o Mista de Or\u00e7amento, da Comiss\u00e3o de Servi\u00e7o P\u00fablico e mais uma s\u00e9rie de comiss\u00f5es.</p>\r\n<p style=\"text-align: justify; \">Em outubro de 1990 foi reeleito pela quinta vez consecutiva, na legenda do PFL. Entre uma s\u00e9rie de trabalhos, atuou como membro titular da CPI mista criada para investigar den\u00fancias de irregularidades contra Paulo C\u00e9sar Farias, ex-tesoureiro da campanha eleitoral de Fernando Collor de Melo e foi um dos 38 deputados que votou contra o processo de impeachment do presidente Collor. Em outubro de 1993, foi envolvido na CPI do Or\u00e7amento por ter admitido conhecer um dos acusados, por\u00e9m ap\u00f3s investiga\u00e7\u00e3o, nada ficou provado.</p>\r\n<p style=\"text-align: justify; \">Em 1994 \u00e9 novamente reeleito deputado federal pelo PFL; por\u00e9m, em 1995 deixa sua cadeira na c\u00e2mara para assumir o cargo de ministro do Tribunal de Contas da Uni\u00e3o (TCU).</p>\r\n<p style=\"text-align: justify; \">Alguns dias antes de aposentar-se, em 2 de junho de 2004, os ministros em sess\u00e3o deram uma amostra do apre\u00e7o que nutriam pelo ministro Humberto Souto. Como nas palavras do ministro Benjamin Zymler: \u201cNa verdade, vai ser uma perda enorme para todos n\u00f3s, vai ser uma perda para o TCU, para o Pa\u00eds e para mim. Egoisticamente, lamento n\u00e3o mais poder desfrutar do professor, do ministro, do jurista neste plen\u00e1rio\u201d.<br />Casou-se com Maria Feliciana Abreu Souto, com quem teve quatro filhos.</p>\r\n<p style=\"text-align: justify; \"><strong>O Prefeito</strong><br />Em 2006 retorna \u00e0 pol\u00edtica elegendo-se deputado federal, pela 7\u00aa vez, agora no PPS (atual Cidadania). Em 2010, n\u00e3o conseguiu a reelei\u00e7\u00e3o para a C\u00e2mara dos Deputados, ficando na quinta supl\u00eancia da Coliga\u00e7\u00e3o PPS/PSDB/DEM/PR/PP.</p>\r\n<p style=\"text-align: justify; \">Em 2012 concorre a prefeito de Montes Claros pelo PPS, substituindo Athos Avelino, que teve sua candidatura impugnada em \u00faltima inst\u00e2ncia pelo TSE. Contando com apenas 20 dias para fazer a campanha, aproveitou o pouco tempo para denunciar a corrup\u00e7\u00e3o na prefeitura de Montes Claros. Contrariou todas as pesquisas de opini\u00e3o e quase passou para segundo turno, conquistando expressivos 23,97% dos votos v\u00e1lidos.</p>\r\n<p style=\"text-align: justify; \">Retornou \u00e0 C\u00e2mara dos Deputados em 19 de dezembro de 2012, na vaga deixada por Carlaile Pedrosa, que renunciou ao mandato de deputado federal para assumir a Prefeitura de Betim/MG.</p>\r\n<p style=\"text-align: justify; \">Em 2014 sofre novo rev\u00e9s ao perder a reelei\u00e7\u00e3o para deputado federal. Dessa vez, contudo, obteve a primeira supl\u00eancia da Coliga\u00e7\u00e3o PPS/PDT/PV, com 70.924 votos.</p>\r\n<p style=\"text-align: justify; \">Em 2016 foi eleito prefeito de Montes Claros no segundo turno, pelo PPS, com 123.156 votos (65,31% dos v\u00e1lidos), derrotando Ruy Muniz, do PSB, que buscava a reelei\u00e7\u00e3o. Tomou posse como prefeito em 1\u00ba de janeiro de 2017.</p>\r\n<p style=\"text-align: justify; \">\u00c0 frente da prefeitura de Montes Claros vem comandando uma administra\u00e7\u00e3o arrojada, com a realiza\u00e7\u00e3o de grandes obras estruturantes e interven\u00e7\u00f5es na infraestrutura urbana que eram aguardadas pela popula\u00e7\u00e3o h\u00e1 muitos anos.</p>\r\n<p style=\"text-align: justify; \">Foi reeleito nas elei\u00e7\u00f5es de 15 de novembro de 2020 com a vota\u00e7\u00e3o hist\u00f3rica de 177.592 votos, correspondentes a 85,24% dos votos v\u00e1lidos, a maior da hist\u00f3ria de Montes Claros e uma das mais expressivas de todo pa\u00eds.</p>\r\n<p style=\"text-align: justify; \">(Fontes: Portal TCU e Wikipedia)</p>\r\n<p style=\"text-align: justify; \">____________________________________________________<br />C\u00e2mara Municipal de Montes Claros<br />Assessoria de Comunica\u00e7\u00e3o Social<br />Contatos: (38) 3690-5506 \u2013 ascom@montesclaros.mg.leg.br<br />Facebook: www.facebook.com/camaramoc<br />Twitter: https://twitter.com/camaramoc<br />Instagram: www.instagram.com/camaramoc<br />https://montesclaros.mg.leg.br</p>", "author_name": "", "version": "1.0", "author_url": "https://www.montesclaros.mg.leg.br/author/jerusia", "provider_name": "Montes Claros", "type": "rich"}