{"provider_url": "https://www.montesclaros.mg.leg.br", "title": "Obras de infraestrutura em pauta ", "html": "<p align=\"justify\" class=\"western\" style=\"text-align: justify; \"><span>Por Gissele Niza</span></p>\r\n<p align=\"justify\" class=\"western\" style=\"text-align: justify; \"><span>A C\u00e2mara Municipal de Montes Claros aprovou, em reuni\u00e3o ordin\u00e1ria, nesta ter\u00e7a-feira (26/11), seis requerimentos, sendo cinco voltados para a \u00e1rea de infraestrutura.</span></p>\r\n<p align=\"justify\" class=\"western\" style=\"text-align: justify; \"><span> O vereador Soter Magno (PSD) solicitou ao Executivo que seja inclu\u00eddo nas obras do Programa de Investimento no Cidad\u00e3o (PIC) o recapeamento asf\u00e1ltico em toda a extens\u00e3o da Avenida Ol\u00edmpio Teixeira Guimar\u00e3es, no Bairro Morada do Parque. A vereadora Gra\u00e7a da Casa do Motor (Uni\u00e3o) cobrou uma reforma geral do cal\u00e7ad\u00e3o da Pra\u00e7a de Esportes.</span></p>\r\n<p align=\"justify\" class=\"western\" style=\"text-align: justify; \"><span> A constru\u00e7\u00e3o de um campo de futebol no lote p\u00fablico localizado entre as ruas Quatro, H\u00e9rcules Vieira Silva e Josefina Chaves, ao lado da Escola Municipal Geraldo Pereira de Souza, nos fundos do Gin\u00e1sio Poliesportivo, no Bairro Regina Peres, foi requerida pelo vereador Igor Dias (PRD).</span></p>\r\n<p align=\"justify\" class=\"western\" style=\"text-align: justify; \"><span> J\u00e1 a vice-presidente da Casa, vereadora Maria Helena Lopes (MDB), pediu a liga\u00e7\u00e3o de \u00e1gua dos banheiros da Rodovi\u00e1ria de Montes Claros, que foram reformados e ainda n\u00e3o tiveram a \u00e1gua religada.</span></p>\r\n<p align=\"justify\" class=\"western\" style=\"text-align: justify; \"><span> Por fim, ainda na \u00e1rea de infraestrutura, o vereador Cl\u00e1udio Rodrigues (Cidadania) requereu servi\u00e7o de limpeza, retirada de entulhos e fechamento de boca de lobo que se encontra aberta, na Avenida Projetada, no loteamento Terra Jardins, no fundo do Condom\u00ednio Moradas Montes Claros.</span></p>\r\n<p align=\"justify\" class=\"western\" style=\"text-align: justify; \"><span><b>CONCURSO</b></span></p>\r\n<p align=\"justify\" class=\"western\" style=\"text-align: justify; \"><span>O vereador Daniel Dias (PCdoB) solicitou ao Executivo informa\u00e7\u00f5es referentes ao novo cronograma do Concurso da FUNDEP, os crit\u00e9rios para contrata\u00e7\u00e3o e designa\u00e7\u00e3o de profissionais da educa\u00e7\u00e3o.</span></p>\r\n<p align=\"justify\" class=\"western\" style=\"text-align: justify; \"><span><br /></span></p>\r\n<p align=\"justify\"><span><span><span><span><span><i>______________________________________________</i></span></span></span></span></span></p>\r\n<p align=\"left\"><span><span><span><span><span><span><b>C\u00e2mara Municipal de Montes Claros</b></span></span></span></span></span></span><span><br />Assessoria de Comunica\u00e7\u00e3o Social<br />Contatos:(38) 3690-5504 | 3690-5506 \u2013\u00a0</span><a href=\"mailto:ascom@montesclaros.mg.leg.br\"><span>ascom@montesclaros.mg.leg.br</span></a><span><br />Facebook:\u00a0</span><a href=\"http://www.facebook.com/camaramoc\" target=\"_blank\"><span>www.facebook.com/camaramoc</span></a><span><br />Twitter: https<a href=\"https://twitter.com/camaramoc\" target=\"_blank\">://twitter.com/camaramoc</a><br />Instagram: www.</span><a href=\"http://www.instagram.com/camaramoc\" target=\"_blank\"><span>instagram.com/camaramoc</span></a><span><br />Site:\u00a0</span><a href=\"https://montesclaros.mg.leg.br/\" target=\"_blank\"><span>https://montesclaros.mg.leg.br</span></a></p>\r\n<p>\u00a0</p>\r\n<p align=\"justify\" class=\"western\" style=\"text-align: justify; \"><span><br /></span></p>", "author_name": "", "version": "1.0", "author_url": "https://www.montesclaros.mg.leg.br/author/cristine", "provider_name": "Montes Claros", "type": "rich"}