{"provider_url": "https://www.montesclaros.mg.leg.br", "title": "Novo ensino m\u00e9dio \u00e9 tema de audi\u00eancia", "html": "<p style=\"text-align: justify; \">POR CHRISTINE ANTONINI</p>\r\n<p align=\"justify\" class=\"western\" style=\"text-align: justify; \"><span><span><span>A</span><span> C\u00e2mara de Montes Claros promoveu na manh\u00e3 desta quinta-feira (27/4), audi\u00eancia p\u00fablica para debater o \u201cnovo ensino m\u00e9dio\u201d que entrou em vigor em todas as escolas (particulares e p\u00fablicas) em 2022. O evento foi proposto pelo vereador Daniel Dias (PCdoB), que tamb\u00e9m \u00e9 presidente da Comiss\u00e3o de Educa\u00e7\u00e3o da Casa. </span></span></span></p>\r\n<p align=\"justify\" class=\"western\" style=\"text-align: justify; \"><span><span>Segundo o proponente da audi\u00eancia, o novo ensino m\u00e9dio foi implantado atrav\u00e9s de uma medida provis\u00f3ria sem nenhum tipo de estudo aprofundado e que isso tem gerado afli\u00e7\u00e3o na comunidade escolar. Para o parlamentar, a principal quest\u00e3o foi a rapidez com que a proposta foi implantada, na qual existem mudan\u00e7as dr\u00e1sticas na grade curricular dos alunos e na necessidade dos professores terem que se adequar. </span></span></p>\r\n<p align=\"justify\" class=\"western\" style=\"text-align: justify; \">\u201c<span><span>Temos visto que propostas, mal elaboradas, que envolvem grandes mudan\u00e7as que t\u00eam dificultado a vida da popula\u00e7\u00e3o. Prova disso, temos as reformas da previd\u00eancia e a trabalhista que foram elaboradas de forma dr\u00e1stica\u201d, enfatizou Daniel. </span></span></p>\r\n<p align=\"justify\" class=\"western\" style=\"text-align: justify; \"><span><span>De acordo com o Minist\u00e9rio da Educa\u00e7\u00e3o, o novo ensino m\u00e9dio tem o objetivo de ampliar o tempo m\u00ednimo do estudante na escola de 800 horas para 1.000 horas anuais e definindo uma nova organiza\u00e7\u00e3o curricular, mais flex\u00edvel, que contemple uma Base Nacional Comum Curricular (BNCC), ofertando diferentes possibilidades de escolhas aos estudantes, os itiner\u00e1rios formativos, com foco nas \u00e1reas de conhecimento e na forma\u00e7\u00e3o t\u00e9cnica e profissional. </span></span></p>\r\n<p align=\"justify\" class=\"western\" style=\"text-align: justify; \"><span><span>Contudo, a diretora do Sindicato dos Professores do Estado de Minas Gerais (Sinpro), Isabela Catrink, destacou que os informativos itiner\u00e1rios propostos na nova legisla\u00e7\u00e3o trazem uma discrep\u00e2ncia na qualidade de ensino fornecido entre as escolas p\u00fablicas e privadas. </span></span></p>\r\n<p align=\"justify\" class=\"western\" style=\"text-align: justify; \">\u201c<span><span>Enquanto as institui\u00e7\u00f5es da rede privada t\u00eam como disciplina itiner\u00e1ria de rob\u00f3tica a rede p\u00fablica tem aula de como fazer brigadeiro gourmet. A desigualdade educacional \u00e9 grande e isso impactar\u00e1 diretamente nos nossos alunos\u201d, ponderou a diretora. </span></span></p>\r\n<p align=\"justify\" class=\"western\" style=\"text-align: justify; \"><span><span>Fernando Andrade \u00e9 professor de hist\u00f3ria e j\u00e1 atua em escolas que oferecem o novo ensino m\u00e9dio. Segundo ele, foram retiradas disciplinas de hist\u00f3ria para colocar a de \u201creceitas\u201d no lugar. </span></span></p>\r\n<p align=\"justify\" class=\"western\" style=\"text-align: justify; \">\u201c<span><span>Substitu\u00edram minhas aulas por outros conte\u00fados totalmente aleat\u00f3rios, os quais n\u00e3o fui preparado para lecionar. Estou dando aula em tr\u00eas turnos, pois, aumentaram a quantidade de horas e disciplinas \u2013 agora s\u00e3o 21 por semana. Alunos de escola p\u00fablica n\u00e3o conseguem acompanhar. J\u00e1 as escolas particulares est\u00e3o colocando essas mat\u00e9rias em outros turnos e cobrando a mais na mensalidade\u201d, pontuou o professor que leciona nas escolas Caic do Maracan\u00e3 e Planalto Rural. </span></span></p>\r\n<p align=\"justify\" class=\"western\" style=\"text-align: justify; \"><span><span>O estudante Gabriel Soares Alves, diretor social do Gr\u00eamio Estudantil do IFNMG, ressaltou que a implanta\u00e7\u00e3o do novo ensino m\u00e9dio foi mal-planejado, sendo necess\u00e1ria uma reavalia\u00e7\u00e3o, pois exclui disciplinas importantes que desenvolvem o senso cr\u00edtico e democr\u00e1tico dos estudantes. \u201cAs escolas tamb\u00e9m n\u00e3o est\u00e3o preparadas para receber esse novo ensino. Talvez se fosse melhor planejado feito de maneira adequada agregaria o futuro desses jovens\u201d, finalizou. </span></span></p>\r\n<p align=\"justify\" class=\"western\" style=\"text-align: justify; \"><span><span>O presidente do Sind-UT, C\u00e9lio Moreira, informou que os servidores da educa\u00e7\u00e3o do Estado de Minas Gerais, fizeram greve ontem, reivindicando o pagamento do piso salarial nacional e a revoga\u00e7\u00e3o do novo ensino m\u00e9dio. </span></span></p>\r\n<p align=\"justify\" class=\"western\"><span><span><br /></span></span></p>\r\n<p align=\"left\" class=\"western\">\u00a0<em>________________________________________</em></p>\r\n<p><span><span><span><span><span><span><span><b>C\u00e2mara Municipal de Montes Claros</b></span></span></span></span></span></span></span><span><br /></span><span>Assessoria de Comunica\u00e7\u00e3o Social</span><span><br /></span><span>Contatos:(38) 3690-5504 | 3690-5506 \u2013</span><span><span><span><span><span><span><span><span><span><a href=\"mailto:ascom@montesclaros.mg.leg.br\" target=\"_self\">ascom@montesclaros.mg.leg.br</a></span></span></span></span></span></span></span></span></span><span><br /></span><span>Facebook\u00a0</span><span><span><span><span><span><span><span><span><span><a href=\"http://www.facebook.com/camaramoc\" target=\"_blank\">www.facebook.com/camaramoc</a></span></span></span></span></span></span></span></span></span><span><br /></span><span>Twitter:</span><span><span><span><span><span><span><span><span><span><a href=\"https://twitter.com/camaramoc\" target=\"_blank\">https://twitter.com/camaramoc</a></span></span></span></span></span></span></span></span></span><span><br /></span><span>Instagram:</span><span><span><span><span><span><span><span><span><span><a href=\"http://www.instagram.com/camaramoc\" target=\"_blank\">www.instagram.com/camaramoc</a></span></span></span></span></span></span></span></span></span><span><br /></span><span><span><span><span><span><span><span><span><span><span><a href=\"https://montesclaros.mg.leg.br/\" target=\"_blank\">https://montesclaros.mg.leg.br</a></span></span></span></span></span></span></span></span></span></span></p>\r\n<p align=\"justify\" class=\"western\"><span><span><br /></span></span></p>", "author_name": "", "version": "1.0", "author_url": "https://www.montesclaros.mg.leg.br/author/cristine", "provider_name": "Montes Claros", "type": "rich"}