{"provider_url": "https://www.montesclaros.mg.leg.br", "title": "Nota de Pesar", "html": "<p style=\"text-align: justify; \">\u00a0A C\u00e2mara Municipal de Montes Claros lamenta com profundo pesar o falecimento do ex-vereador Cosme Soares Vieira, ocorrido na noite desta ter\u00e7a-feira (10/3).<br /> <br /> Cosme Vieira foi vereador da C\u00e2mara de Montes Claros na legislatura de 1993 a 1996, pelo Partido Democr\u00e1tico Social (PDS). Sendo secret\u00e1rio municipal de Esportes entre os anos de 1999 a 2000 \u2013 durante o mandado do ent\u00e3o prefeito Jairo Ata\u00edde Vieira. <br /> <br /> O corpo est\u00e1 sendo velado na Funer\u00e1ria Avelar e seguir\u00e1 \u00e0s 12h30 para o distrito de Ermidinha onde o vel\u00f3rio ter\u00e1 continuidade, sendo que o sepultamento est\u00e1 marcado para as 17h30. <br /> <br /> Os parlamentares e funcion\u00e1rios da Casa Legislativa expressam as mais sinceras condol\u00eancias aos familiares e amigos. Que Deus possa levar conforto a todos nesse momento de dor.</p>\r\n<p style=\"text-align: justify; \">\u00a0</p>\r\n<p>__________________________________________</p>\r\n<p align=\"left\" class=\"western\"><span><span><span><span><span><span><span><span><span><span>Assessoria de Comunica\u00e7\u00e3o Social<br /> Contatos:(38) 3690-5504 | 3690-5506 \u2013ascom@montesclaros.mg.leg.br<br /> Facebook\u00a0</span></span></span></span></span></span></span><a href=\"http://www.facebook.com/camaramoc\" target=\"_blank\"><span><span><span><span><span><span><span><span><span>www.facebook.com/camaramoc<br /> </span></span></span></span></span></span></span></span></span></a><span><span><span><span><span><span><span>Twitter:</span></span></span></span></span></span></span><a href=\"https://twitter.com/camaramoc\" target=\"_blank\"><span><span><span><span><span><span><span><span><span>https://twitter.com/camaramoc<br /> </span></span></span></span></span></span></span></span></span></a><span><span><span><span><span><span><span>Instagram:</span></span></span></span></span></span></span><a href=\"http://www.instagram.com/camaramoc\" target=\"_blank\"><span><span><span><span><span><span><span><span><span>www.instagram.com/camaramoc<br /> </span></span></span></span></span></span></span></span></span></a><a href=\"https://montesclaros.mg.leg.br/\" target=\"_blank\"><span><span><span><span><span><span><span><span><span>https://montesclaros.mg.leg.br</span></span></span></span></span></span></span></span></span></a></span></span></span></p>", "author_name": "", "version": "1.0", "author_url": "https://www.montesclaros.mg.leg.br/author/cristine", "provider_name": "Montes Claros", "type": "rich"}