{"provider_url": "https://www.montesclaros.mg.leg.br", "title": "Nota de falecimento", "html": "<p style=\"text-align: justify; \">A C\u00e2mara Municipal de Montes Claros lamenta com profundo pesar o falecimento do ex-vereador Humberto de Souza Lima Pereira, ocorrido nesta quarta-feira (26/3).<br /><br />Humberto foi vereador da C\u00e2mara de Montes Claros na legislatura de 1973 a 1977, pela Alian\u00e7a Renovadora Nacional (ARENA). Sendo vice-presidente da Mesa Diretora de 1973 e secret\u00e1rio em 1974.<br /><br />O corpo ser\u00e1 velado a partir das 15h no Santa Casa Memorial. O sepultamento ocorrer\u00e1 amanh\u00e3 \u00e0s 10h no cemit\u00e9rio Jardim da Esperan\u00e7a.<br /><br />Os parlamentares e funcion\u00e1rios da Casa Legislativa expressam as mais sinceras condol\u00eancias aos familiares e amigos. Que Deus possa levar conforto a todos nesse momento de dor.</p>\r\n<div style=\"text-align: justify; \"></div>\r\n<div style=\"text-align: justify; \"></div>\r\n<div style=\"text-align: justify; \">\r\n<p align=\"justify\" class=\"western\" style=\"text-align: justify; \"><em><span><span><span><span><span><span><span>__________________________________</span></span></span></span></span></span></span></em></p>\r\n<p class=\"western\" style=\"text-align: justify; \"><span><span><span><span><span><span><b>C\u00e2mara Municipal de Montes Claros</b></span></span></span></span></span></span><span><span><span><span><span><span><span><br /> Assessoria de Comunica\u00e7\u00e3o Social<br /> Contatos: (38) 3690-5504 | 3690-5506 \u2013</span></span></span></span></span></span></span><span><span><a href=\"mailto:ascom@montesclaros.mg.leg.br\" target=\"_self\"><span><span><span><span><span><span><span><span><span>ascom@montesclaros.mg.leg.br</span></span></span></span></span></span></span></span></span></a></span></span><span><span><span><span><span><span><span><br /> Facebook: </span></span></span></span></span></span></span><span><span><a href=\"http://www.facebook.com/camaramoc\" target=\"_blank\"><span><span><span><span><span><span><span><span><span>www.facebook.com/camaramoc</span></span></span></span></span></span></span></span></span></a></span></span><span><span><span><span><span><span><span><br /> Twitter: https</span></span></span></span></span></span></span><span><span><a href=\"https://twitter.com/camaramoc\" target=\"_blank\"><span><span><span><span><span><span><span><span><span>://twitter.com/camaramoc</span></span></span></span></span></span></span></span></span></a></span></span><span><span><span><span><span><span><span><br /> Instagram: www</span></span></span></span></span></span></span><span><span><a href=\"http://www.instagram.com/camaramoc\" target=\"_blank\"><span><span><span><span><span><span><span><span><span>.instagram.com/camaramoc</span></span></span></span></span></span></span></span></span></a></span></span><span><span><span><span><span><span><span><br /> </span></span></span></span></span></span></span><span><span><a href=\"https://montesclaros.mg.leg.br/\" target=\"_blank\"><span><span><span><span><span><span><span><span><span>https://montesclaros.mg.leg.br</span></span></span></span></span></span></span></span></span></a></span></span></p>\r\n</div>", "author_name": "", "version": "1.0", "author_url": "https://www.montesclaros.mg.leg.br/author/cristine", "provider_name": "Montes Claros", "type": "rich"}