{"provider_url": "https://www.montesclaros.mg.leg.br", "title": "NASPP recebe homenagem da C\u00e2mara", "html": "<p align=\"left\" class=\"western\"><span><span>Por Arthur Amorim Jr.</span></span></p>\r\n<p class=\"western\">\u00a0</p>\r\n<p align=\"justify\" class=\"western\"><span><span>A C\u00e2mara Municipal de Montes Claros realizou sess\u00e3o especial nessa ter\u00e7a-feira (25/3) para homenagear com a placa de Prata \u201cAlferes Jos\u00e9 Lopes de Carvalho o N\u00facleo de Aten\u00e7\u00e3o \u00e0 Sa\u00fade e de Pr\u00e1ticas Profissionalizantes \u2013 NASPP, que pertence \u00e0 Faculdade UniFipMoc/Afya. O evento foi em comemora\u00e7\u00e3o aos seus 20 anos de exist\u00eancia. A honraria foi uma iniciativa do vereador Odair Ferreira (Uni\u00e3o) e contou com a presen\u00e7a de professores, alunos, pacientes, funcion\u00e1rios da institui\u00e7\u00e3o e membros da sociedade civil.</span></span></p>\r\n<p align=\"justify\" class=\"western\"><span><span>Para o proponente do evento, o NASPP se baseia em um modelo de cl\u00ednica acad\u00eamica que vem prestando servi\u00e7os essenciais \u00e0 sociedade. H\u00e1 mais de duas d\u00e9cadas, o n\u00facleo vem se consolidando na excel\u00eancia no atendimento \u00e0 sa\u00fade, oferecendo servi\u00e7os m\u00e9dicos, psicol\u00f3gicos, odontol\u00f3gicos e fisioter\u00e1picos de alta qualidade e, ao mesmo tempo, proporcionando aos futuros profissionais de sa\u00fade uma forma\u00e7\u00e3o s\u00f3lida, \u00e9tica e comprometida com o bem-estar da popula\u00e7\u00e3o. </span></span></p>\r\n<p align=\"justify\" class=\"western\">\u201c<span><span>O NASPP integra ensino, pesquisa e assist\u00eancia de forma \u00fanica, criando uma sinergia que beneficia tanto a forma\u00e7\u00e3o acad\u00eamica quanto ao cuidado de sa\u00fade da comunidade. A sua miss\u00e3o de expandir sempre \u00e9 reflexo da busca constante pela melhoria cont\u00ednua, pelo fortalecimento das suas a\u00e7\u00f5es e pela amplia\u00e7\u00e3o de seu impacto,\u201d assinalou o vereador Odair Ferreira. </span></span></p>\r\n<p align=\"justify\" class=\"western\"><span><span>O coordenador do curso de Medicina, Ant\u00f4nio Caldeira, expressou \u00e0 sua gratid\u00e3o pelo reconhecimento do Legislativo de Montes Claros. Disse que foi um sonho que teve in\u00edcio com a professora F\u00e1tima Turano e que evoluiu atrav\u00e9s dos profissionais, preocupados em prestar um servi\u00e7o de qualidade \u00e0 popula\u00e7\u00e3o. \u201cO NASPP cresceu tanto, que est\u00e1 presente n\u00e3o s\u00f3 em Montes Claros, mas em todas as partes do pa\u00eds. Por isso, olhamos o futuro com esperan\u00e7a de que vir\u00e3o mais 20 anos.\u201d</span></span></p>\r\n<p align=\"justify\" class=\"western\"><span><span>A diretora acad\u00eamica da UnifipMoc/Afya, Renata Nobre, ressaltou que o NASPP n\u00e3o \u00e9 apenas um projeto acad\u00eamico, mas uma ponte entre o conhecimento e a realidade, da forma\u00e7\u00e3o profissional ao compromisso humano, onde os estudantes da \u00e1rea de sa\u00fade n\u00e3o apenas aprendem, mas transformam vidas.</span></span></p>\r\n<p align=\"justify\" class=\"western\"><span><span>O gerente administrativo do NASPP, Igor Monteiro, disse que a palavra obrigada \u00e9 muito pouco peara ilustrar este momento de homenagem ao NASPP, lembrando da trajet\u00f3ria do n\u00facleo e das pessoas que ajudaram a contar \u00e0 sua hist\u00f3ria.</span></span></p>\r\n<p align=\"justify\" class=\"western\"><span><span>O reitor da UnifipMoc/Afya, Jorge Fernandes, destacou a homenagem como um marco hist\u00f3rico, nas comemora\u00e7\u00f5es dos 20 anos do n\u00facleo. Na oportunidade, prestou homenagem aos funcion\u00e1rios do corpo administrativo, com a entrega do t\u00edtulo de Honra ao M\u00e9rito Naspp. Informou que no ano de 2022, o NASPP atendeu mais de 25 mil pessoas, o mesmo ocorrendo em 2023. Em 2024, saltou para mais de 33 mil atendimentos, nas \u00e1reas de psicologia, fisioterapia, odontologia e medicina.</span></span></p>\r\n<p align=\"justify\" class=\"western\">\u201c<span><span>Hoje estamos aqui para celebrar n\u00e3o apenas os 20 anos do NASPP, mas tamb\u00e9m a comunidade que temos atendido ao longo dos anos, comunidade esta que \u00e9 baseada na confian\u00e7a, no respeito e na colabora\u00e7\u00e3o,\u201d concluiu. </span></span></p>\r\n<p align=\"justify\" class=\"western\">\u00a0</p>\r\n<p align=\"justify\" class=\"western\"><a name=\"_GoBack\"></a> <span><span>__________________________________</span></span></p>\r\n<p align=\"justify\" class=\"western\"><span><span><b>C\u00e2mara Municipal de Montes Claros</b></span></span></p>\r\n<p align=\"justify\" class=\"western\"><span><span>Assessoria de Comunica\u00e7\u00e3o Social</span></span></p>\r\n<p align=\"justify\" class=\"western\"><span><span>Contatos: (38) 3690-5504 | 3690-5506 \u2013ascom@montesclaros.mg.leg.br</span></span></p>\r\n<p align=\"justify\" class=\"western\"><span><span>Facebook: www.facebook.com/camaramoc</span></span></p>\r\n<p align=\"justify\" class=\"western\"><span><span>Twitter: https://twitter.com/camaramoc</span></span></p>\r\n<p align=\"justify\" class=\"western\"><span><span>Instagram: www.instagram.com/camaramoc</span></span></p>\r\n<p align=\"justify\" class=\"western\"><span><span>https://montesclaros.mg.leg.br</span></span></p>", "author_name": "", "version": "1.0", "author_url": "https://www.montesclaros.mg.leg.br/author/gisseleoliveira", "provider_name": "Montes Claros", "type": "rich"}