{"provider_url": "https://www.montesclaros.mg.leg.br", "title": "Montes Claros se despede do Mestre Zanza", "html": "<p><span>Por JERUSIA ARRUDA</span></p>\r\n<p style=\"text-align: justify; \">Nesta segunda-feira (25/10), morreu, aos 90 anos, Jo\u00e3o Pimenta dos Santos, popularmente conhecido como Mestre Zanza, presidente da Associa\u00e7\u00e3o dos Grupos Catop\u00eas, Marujos e Caboclinhos. A causa da morte ainda n\u00e3o foi informada.</p>\r\n<p style=\"text-align: justify; \">S\u00edmbolo das manifesta\u00e7\u00f5es culturais da cidade, Mestre Zanza foi homenageado pela C\u00e2mara Municipal de Montes Claros no Dia Nacional do Patrim\u00f4nio Cultural (17 de agosto), quando recebeu a Placa Alferes Jos\u00e9 Lopes de Carvalho. Nesse mesmo dia, a Casa legislativa solicitou ao Executivo municipal Registro das Festas de Agosto como Patrim\u00f4nio Cultural de Natureza Imaterial de Montes Claros.</p>\r\n<p style=\"text-align: justify; \">Mestre Zanza participou da festa acompanhado dos filhos, netos e bisnetos, e agradeceu a homenagem lamentando por mais um ano n\u00e3o poder sair \u00e0s ruas por conta da pandemia. \u201cN\u00e3o \u00e9 qualquer pessoa que recebe um t\u00edtulo desse. Me sinto prestigiado e muito feliz por andar nas ruas e ser reconhecido com Mestre, at\u00e9 pelas crian\u00e7as\u201d comentou, \u00e0 \u00e9poca.</p>\r\n<p style=\"text-align: justify; \">De autoria do presidente da Casa, vereador Cl\u00e1udio Rodrigues, a homenagem foi a terceira comenda recebida por Mestre Zanza, que tamb\u00e9m foi agraciado com o T\u00edtulo de Cidad\u00e3o Benem\u00e9rito e com a Placa de Ordem do M\u00e9rito Cultural C\u00e2ndido Canela. \u201cFoi uma honra para esta Casa legislativa, atrav\u00e9s dos 23 vereadores, prestar esta justa homenagem ao Mestre Zanza, que, sem d\u00favida, \u00e9 dos grandes respons\u00e1veis por manter viva a hist\u00f3ria das tradicionais Festas de Agosto de Montes Claros\u201d, ressalta o presidente.</p>\r\n<p style=\"text-align: justify; \"><strong>Mestre Zanza</strong><br />Natural de Montes Claros/MG, Jo\u00e3o Pimenta dos Santos, o Mestre Zanza, nasceu em 10 de maio de 1931, filho de Jo\u00e3o Pac\u00edfico Pimenta e Bibiana Martins Santana. Casado com Maria da Concei\u00e7\u00e3o Santos, \u00e9 pai de oito filhos, tem 20 netos, dois bisnetos.</p>\r\n<p style=\"text-align: justify; \">Chefe do Terno de Nossa Senhora do Ros\u00e1rio e presidente da Associa\u00e7\u00e3o dos Grupos de Catop\u00eas, Marujos e Caboclinhos, Mestre Zanza construiu sua trajet\u00f3ria de vida nos cortejos das Festas de Agosto. Come\u00e7ou na tradi\u00e7\u00e3o dos Catop\u00eas ainda crian\u00e7a, aos 4 anos, e aos 12 anos j\u00e1 era considerado como chefe dos Catop\u00eas, recebendo do seu av\u00f4 e pai a heran\u00e7a do folclore de Montes Claros.</p>\r\n<p style=\"text-align: justify; \">A comprova\u00e7\u00e3o de que Mestre Zanza respira e vive cultura est\u00e1 nas paredes da Associa\u00e7\u00e3o, onde as fotografias e refer\u00eancias da tradi\u00e7\u00e3o se misturam com o ambiente que, muitas vezes, \u00e9 tamb\u00e9m seu local de resid\u00eancia.</p>\r\n<p style=\"text-align: justify; \"><strong>Homenagem</strong><br />Neste ano, por causa da pandemia, a tradi\u00e7\u00e3o foi interrompida. Mas os tambores dos Ternos de Congado n\u00e3o podem ser silenciados e, por isso, a C\u00e2mara Municipal de Montes Claros realizou, no per\u00edodo de 17 a 28 de agosto, uma exposi\u00e7\u00e3o de artes pl\u00e1sticas com o tema Festas de Agosto, abrindo espa\u00e7o na Casa Legislativa para a tradicional cultura popular, rendendo uma homenagem aos Ternos de Congado, atrav\u00e9s das telas dos artistas montes-clarenses.</p>\r\n<p style=\"text-align: justify; \">A exposi\u00e7\u00e3o foi aberta com a homenagem especial ao Mestre Zanza, que recebeu a Placa Alferes Jos\u00e9 Lopes de Carvalho, honraria institu\u00edda pela C\u00e2mara Municipal atrav\u00e9s da Portaria n\u00ba 13, de 19 de agosto de 1999, em reconhecimento p\u00fablico a empresas ou pessoas residentes em Montes Claros, que tenham comprovadamente relevantes servi\u00e7os prestados ao Munic\u00edpio.</p>\r\n<p>\u00a0<span><span>_______________________________________</span><br /><span>C\u00e2mara Municipal de Montes Claros</span><br /><span>Assessoria de Comunica\u00e7\u00e3o Social</span><br /><span>Contatos:(38) 3690-5504 | 3690-5506 \u2013\u00a0</span><a href=\"http://ascom@montesclaros.mg.leg.br/\" target=\"_blank\"><span>ascom@montesclaros.mg.leg.br</span></a><br /><span>Facebook:</span><a target=\"_blank\"><span>\u00a0www.facebook.com/camaramoc</span></a><br /><span>Twitter:\u00a0</span><a href=\"https://twitter.com/camaramoc\" target=\"_blank\"><span>https://twitter.com/camaramoc</span></a><br /><span>Instagram:\u00a0</span><a href=\"https://twitter.com/camaramoc\" target=\"_blank\"><span>www.instagram.com/camaramoc</span></a><br /><a href=\"https://www.montesclaros.mg.leg.br/\" target=\"_self\"><span>https://montesclaros.mg.leg.br</span></a></span><span>\u00a0</span></p>", "author_name": "", "version": "1.0", "author_url": "https://www.montesclaros.mg.leg.br/author/jerusia", "provider_name": "Montes Claros", "type": "rich"}