{"provider_url": "https://www.montesclaros.mg.leg.br", "title": "Mo\u00e7\u00e3o de apoio ao Grappa", "html": "<p align=\"justify\" class=\"western\"><span><span><span><span>Por Selma Gon\u00e7alves</span></span></span></span></p>\r\n<p align=\"justify\" class=\"western\">Os vereadores aprovaram, em reuni\u00e3o ordin\u00e1ria nesta quinta-feira (04), mo\u00e7\u00e3o de apoio ao Grappa - Grupo de Apoio \u00e0 Preven\u00e7\u00e3o e aos Portadores de Aids. O requerimento foi apresentado pela vereadora Iara Pimentel (PT). A parlamentar falou das dificuldades enfrentadas pela institui\u00e7\u00e3o por conta de mudan\u00e7as no processo para acesso aos recursos provenientes do executivo federal.</p>\r\n<p align=\"justify\" class=\"western\"><span><span><span><span>O </span></span></span></span><span><span><span><span><span>Grappa </span></span></span></span></span><span><span><span><span><span>assiste</span></span></span></span></span><span><span><span><span><span> quase 900 fam\u00edlias que convivem com o v\u00edrus HIV, sendo </span></span></span></span></span><span><span><span><span><span>Montes Claros </span></span></span></span></span><span><span><span><span><span>refer\u00eancia para cerca de 69 munic\u00edpios, al\u00e9m de outras regi\u00f5es como Vale do Jequitinhonha e sul da Bahia. </span></span></span></span></span></p>\r\n<p align=\"justify\" class=\"western\"><span>\u201c<span><span><span><span>E</span></span></span></span></span><span><span><span><span><span>s</span></span></span></span></span><span><span><span><span><span>tamos acompanhando de perto as dificuldades que o Grappa tem enfrentado. Quantas mulheres gr\u00e1vidas s\u00e3o acolhidas, </span></span></span></span></span><span><span><span><span><span>quantas </span></span></span></span></span><span><span><span><span><span>fam\u00edlias que vem de longe </span></span></span></span></span><span><span><span><span><span>e precisam de </span></span></span></span></span><span><span><span><span><span>assist\u00eancia psicol\u00f3gica, </span></span></span></span></span><span><span><span><span><span>social, abrigo, alimenta\u00e7\u00e3o e encaminhamentos para tratamentos\u201d, explicou a vereadora que ressaltou que toda a documenta\u00e7\u00e3o da institui\u00e7\u00e3o est\u00e1 de acordo para o funcionamento e na regi\u00e3o n\u00e3o existe outro \u00f3rg\u00e3o que presta esse tipo de servi\u00e7o.</span></span></span></span></span></p>\r\n<p align=\"justify\" class=\"western\"><span><span><span><span><span>Professora Iara afirmou que vai procurar os</span></span></span></span></span><span><span><span><span><span> conselhos municipais de assist\u00eancia social e de sa\u00fade para </span></span></span></span></span><span><span><span><span><span>ajudar no processo de</span></span></span></span></span><span><span><span><span><span> libera\u00e7\u00e3o dos recursos que est\u00e3o </span></span></span></span></span><span><span><span><span><span>retidos desde</span></span></span></span></span><span><span><span><span><span> janeiro\u201d.</span></span></span></span></span></p>\r\n<p align=\"justify\" class=\"western\"><span><span><span><span><span>De acordo com a presidente do Grappa, Maurina </span></span></span></span></span><span><span><span><span><span>Carvalho, o</span></span></span></span></span><span><span><span><span><span>s</span></span></span></span></span><span><span><span><span><span> recurso</span></span></span></span></span><span><span><span><span><span>s</span></span></span></span></span><span><span><span><span><span> era</span></span></span></span></span><span><span><span><span><span>m</span></span></span></span></span><span><span><span><span><span> liberado</span></span></span></span></span><span><span><span><span><span>s</span></span></span></span></span><span><span><span><span><span> para a institui\u00e7\u00e3o anualmente, via munic\u00edpio, sempre com contrato ou termo de fomento</span></span></span></span></span><span><span><span><span><span> por\u00e9m, neste ano, a administra\u00e7\u00e3o municipal informou que ocorreu </span></span></span></span></span><span><span><span><span><span>m</span></span></span></span></span><span><span><span><span><span>udan\u00e7a, </span></span></span></span></span><span><span><span><span><span>ficando</span></span></span></span></span><span><span><span><span><span> estabelecida a necessidade de realiza\u00e7\u00e3o de chamamento publico de credenciamento de institui\u00e7\u00f5es para acesso aos recursos. </span></span></span></span></span><span><span><span><span><span>O mesmo </span></span></span></span></span><span><span><span><span><span>foi</span></span></span></span></span><span><span><span><span><span> publicado </span></span></span></span></span><span><span><span><span><span>apenas </span></span></span></span></span><span><span><span><span><span>no dia 20 de julho. </span></span></span></span></span><span><span><span><span><span>Para Maurina a </span></span></span></span></span><span><span><span><span><span>mudan\u00e7a </span></span></span></span></span><span><span><span><span><span>prejudicou o funcionamento do Grappa que conta com a ajuda da sociedade civil, mas n\u00e3o \u00e9 suficiente: \u201cO recurso </span></span></span></span></span><span><span><span><span><span>liberado pelo munic\u00edpio</span></span></span></span></span><span><span><span><span><span> \u00e9 o que d\u00e1</span></span></span></span></span><span><span><span><span><span> </span></span></span></span></span><span><span><span><span><span>o amparo </span></span></span></span></span><span><span><span><span><span>aos</span></span></span></span></span><span><span><span><span><span> profissionais que atuam na institui\u00e7\u00e3o, </span></span></span></span></span><span><span><span><span><span>ajuda na</span></span></span></span></span><span><span><span><span><span> alimenta\u00e7\u00e3o que \u00e9 feita na casa</span></span></span></span></span><span><span><span><span><span> </span></span></span></span></span><span><span><span><span><span>e muitos outros gastos\u201d, </span></span></span></span></span><span><span><span><span><span>comentou Maurina.</span></span></span></span></span></p>\r\n<p align=\"justify\" class=\"western\"><span><span><span><span>A presidente espera que com o apoio dos parlamentares, o processo para libera\u00e7\u00e3o dos recursos seja agilizado.</span></span></span></span></p>\r\n<p>__________________________</p>\r\n<p class=\"western\"><span><span><span><span><span><span><span><b>C\u00e2mara Municipal de Montes Claros</b></span></span></span></span></span></span></span><span><br /></span><span>Assessoria de Comunica\u00e7\u00e3o Social</span><span><br /></span><span>Contatos:(38) 3690-5504 | 3690-5506 \u2013\u00a0</span><span><span><span><span><span><span><span><span><span><a class=\"western\" href=\"mailto:ascom@montesclaros.mg.leg.br\" target=\"_self\">ascom@montesclaros.mg.leg.br</a></span></span></span></span></span></span></span></span></span><span><br /></span><span>Facebook:\u00a0</span><span><a class=\"external-link\" target=\"_blank\" title=\"\">www.facebook.com/camaramoc</a></span><span><br /></span><span>Twitter:</span><span><span><span><span><span><span><span><span><span><a class=\"western\" href=\"https://twitter.com/camaramoc\" target=\"_blank\">\u00a0https://twitter.com/camaramoc</a></span></span></span></span></span></span></span></span></span><span><br /></span><span>Instagram:\u00a0</span><span><a class=\"external-link\" target=\"_blank\" title=\"\">www.instagram.com/camaramoc</a></span><span><br /></span><span><span><span><span><span><span><span><span><span><span><a class=\"western\" href=\"https://montesclaros.mg.leg.br/\" target=\"_blank\">https://montesclaros.mg.leg.br</a></span></span></span></span></span></span></span></span></span></span></p>\r\n<p>\u00a0</p>\r\n<p align=\"justify\" class=\"western\"><span><span><span><span><br /></span></span></span></span></p>", "author_name": "", "version": "1.0", "author_url": "https://www.montesclaros.mg.leg.br/author/selma", "provider_name": "Montes Claros", "type": "rich"}