{"provider_url": "https://www.montesclaros.mg.leg.br", "title": " M\u00e9dica \u00e9 homenageada pela C\u00e2mara", "html": "<p align=\"justify\"><span><span>Por Selma Gon\u00e7alves<br /></span></span></p>\r\n<p align=\"justify\"><span><span>No dia do m\u00e9dico, 18 de outubro, a C\u00e2mara de Vereadores de Montes Claros prestou homenagem \u00e0 profissional da sa\u00fade<span> Laressa Silva Cardoso, </span><span>concedendo o t\u00edtulo de Cidad\u00e3 Honor\u00e1ria de Montes Claros.</span></span></span></p>\r\n<p align=\"justify\"><span><span><span>A </span><span>proposta feita pelo vereador Edm\u00edlson Bispo (PSD) e apoiada pela Casa Legislativa foi uma forma de destacar o empenho da profissional na luta contra a Covid 19.</span></span></span></p>\r\n<p align=\"justify\"><span><span><span>Em seu pronunciamento, </span><span>o vereador falou</span><span> sobre os momentos dif\u00edceis que viveu quando internado, </span><span>em </span><span>estado grave, com Covid 19 </span><span>e destacou o cuidado da </span><span>m\u00e9dica</span><span> Laressa e sua equipe.</span></span></span></p>\r\n<p align=\"justify\">\u201c<span><span><span>Uma profissional que entrou na luta para salvar vidas h\u00e1 dois anos e em um dos momentos mais dif\u00edceis n\u00e3o s\u00f3 para o Brasil mas para o mundo. Um</span><span>a</span><span> pandemia que obrigou profissionais da linha de frente enfrentar, na pr\u00e1tica, um dos piores v\u00edrus. </span><span>Entrei no hospital quase sem esperan\u00e7a de vida. 85 por cento dos pulm\u00f5es comprometidos, satura\u00e7\u00e3o baix\u00edssima. Depois de dias internado sob o cuidado dessa jovem m\u00e9dica, sai \u00e0s</span><span> v\u00e9speras</span><span> das conven\u00e7\u00f5es </span><span>partid\u00e1rias. </span><span>O</span><span> Senhor</span><span> me deu a honra de </span><span>concorrer e conseguir o cargo de vereador de Montes Claros. </span><span>Por isso a</span><span>grade\u00e7o a Deus primeiramente e depois a Dra. Laressa por me devolver a esperan\u00e7a e alegria de vida\u201d, declarou o vereador.</span></span></span></p>\r\n<p align=\"justify\"><span><span><span>O </span><span>parlamentar lembrou a luta de todos os profissionais que tem como</span><span> miss\u00e3o </span><span>o</span><span> cuidado ao ser </span><span>humano e parabenizou a todos pelo dia dedicado a eles.</span></span></span></p>\r\n<p align=\"justify\"><span><span>A mais nova cidad\u00e3 honor\u00e1ria de Montes Claros falou sobre o privil\u00e9gio de ser homenageada pela C\u00e2mara de Vereadores do munic\u00edpio, e da satisfa\u00e7\u00e3o, mesmo diante de tantas dificuldades, de cuidar e salvar vidas. Ela compartilhou a homenagem aos colegas da sa\u00fade.</span></span></p>\r\n<p align=\"justify\">\u201c<span><span>Quase dois anos de pandemia. N\u00e3o foi f\u00e1cil, foram dias de lutas. Sabemos que nem todos os doentes tiveram ou tem a cura e infelizmente sofremos com as perdas, mas n\u00e3o podemos deixar de agradecer e festejar as vidas salvas. E hoje, no dia do m\u00e9dico, quero compartilhar essa homenagem, esse sentimento de alegria com meus colegas, amigos e fam\u00edlia\u201d, finalizou a homenageada.</span></span></p>\r\n<p align=\"justify\"><span><span>No encerramento da sess\u00e3o especial o presidente da Casa Cl\u00e1udio Rodrigues (Cidadania) falou sobre a escolha acertada do vereador Edm\u00edlson Bispo em homenagear, no dia do m\u00e9dico, uma profissional da \u00e1rea.</span></span></p>\r\n<p align=\"justify\">\u201c<span><span>Al\u00e9m do reconhecimento aos relevantes servi\u00e7os prestados pela homenageada, esta solenidade tamb\u00e9m simboliza a homenagem desta Casa Legislativa a todos os m\u00e9dicos de Montes Claros, protagonistas do Sistema de Sa\u00fade, especialmente neste per\u00edodo de pandemia. O vereador Edm\u00edlson Bispo foi um dos pacientes contaminados pela Covid-19, que recebeu os cuidados da Doutora Laressa Silva Cardoso. Esta homenagem \u00e9 uma forma de agradecer \u00e0 Doutora Laressa pela dedica\u00e7\u00e3o e cuidado dispensado ao nosso colega Edm\u00edlson e a tantos outros pacientes. \u00c9, tamb\u00e9m, uma forma de agradecermos, a todos os profissionais de sa\u00fade de Montes Claros que tamb\u00e9m se dedicaram, e ainda est\u00e3o nessa luta.</span></span></p>\r\n<p align=\"justify\">\u00a0<span>_______________________________________</span><br /><span>C\u00e2mara Municipal de Montes Claros</span><br /><span>Assessoria de Comunica\u00e7\u00e3o Social</span><br /><span>Contatos:(38) 3690-5504 | 3690-5506 \u2013\u00a0</span><a href=\"http://ascom@montesclaros.mg.leg.br/\" target=\"_blank\"><span>ascom@montesclaros.mg.leg.br</span></a><br /><span>Facebook:</span><a target=\"_blank\"><span>\u00a0www.facebook.com/camaramoc</span></a><br /><span>Twitter:\u00a0</span><a href=\"https://twitter.com/camaramoc\" target=\"_blank\"><span>https://twitter.com/camaramoc</span></a><br /><span>Instagram:\u00a0</span><a href=\"https://twitter.com/camaramoc\" target=\"_blank\"><span>www.instagram.com/camaramoc</span></a><br /><a href=\"https://www.montesclaros.mg.leg.br/\" target=\"_self\"><span>https://montesclaros.mg.leg.br</span></a></p>\r\n<p align=\"justify\">\u00a0</p>", "author_name": "", "version": "1.0", "author_url": "https://www.montesclaros.mg.leg.br/author/selma", "provider_name": "Montes Claros", "type": "rich"}