{"provider_url": "https://www.montesclaros.mg.leg.br", "title": "Legislativo aprova requerimentos ", "html": "<p align=\"right\" class=\"western\" style=\"text-align: left; \"><span><span>Por Rayhanne Tallis</span></span></p>\r\n<p align=\"justify\" class=\"western\"><span>Em sess\u00e3o ordin\u00e1ria realizada nesta quinta-feira (22</span><span>/05</span><span>), a C\u00e2mara Municipal de Montes Claros aprovou quatro requerimentos. </span><span>Entre os destaques, </span><span>o Requerimento n\u00ba 388, </span><span>de autoria do vereador Ailton do Vilage (MDB),</span><span> </span><span>prop\u00f5e a cria\u00e7\u00e3o de um cadastro municipal de m\u00e3es at\u00edpicas, com aten\u00e7\u00e3o especial \u00e0s m\u00e3es solo. O objetivo \u00e9 identificar essas fam\u00edlias para garantir a elas atendimento especializado nas \u00e1reas de sa\u00fade e assist\u00eancia social.</span></p>\r\n<p align=\"justify\" class=\"western\"><span>Segundo o vereador,</span><span> objetivo \u00e9 mapear essas fam\u00edlias para oferecer suporte na \u00e1rea da sa\u00fade e assist\u00eancia social, com atendimento de psic\u00f3logos, assistentes sociais, pediatras e outros profissionais, considerando que muitas enfrentam abandono paterno, sobrecarga </span><span>emocional e financeira.</span></p>\r\n<p align=\"justify\" class=\"western\"><span>No Requerimento n\u00ba 3</span><span>87</span><span>, </span><span>o vereador Eduardo </span><span>P</span><span>reto </span><span>(Pode)</span><span> cobrou a constru\u00e7\u00e3o de uma faixa de desacelera\u00e7\u00e3o e melhorias na sinaliza\u00e7\u00e3o no acesso ao bairro Vila Sion, pela rodovia BR-135. </span><span>Ele explica que</span><span> </span><span>a</span><span> </span><span>entrada atual do bairro apresenta risco constante de acidentes, devido \u00e0 aus\u00eancia de sinaliza\u00e7\u00e3o eficiente, especialmente nos hor\u00e1rios de maior flux</span><span>os e \u00e1 noite.</span></p>\r\n<p align=\"justify\" class=\"western\"><span>A vereadora Carol Figueiredo (PL) prop\u00f4s, no Requerimento n\u00ba 386, a cria\u00e7\u00e3o do \u201cDia D contra Fraudes no INSS\u201d, uma iniciativa que pretende promover uma for\u00e7a-tarefa no munic\u00edpio para identificar e apurar irregularidades contra benefici\u00e1rios da Previd\u00eancia Social, especialmente os idosos, que s\u00e3o os mais vulner\u00e1veis a esse tipo de crime.</span></p>\r\n<p align=\"justify\" class=\"western\"><span>Por fim, a vereadora Gra\u00e7a</span><span> da Casa do Motor</span><span> (Uni\u00e3o) apresentou </span><span>R</span><span>equerimento</span><span> n\u00ba 3</span><span>8</span><span>5</span><span> solicitando a inclus\u00e3o de im\u00f3veis rurais no Programa de Regulariza\u00e7\u00e3o Fundi\u00e1ria de Interesse Social (REURB). A proposta busca atender comunidades da zona rural que ainda n\u00e3o t\u00eam acesso a servi\u00e7os b\u00e1sicos como \u00e1gua encanada e energia el\u00e9trica por falta de documenta\u00e7\u00e3o legal.</span></p>\r\n<p align=\"justify\" class=\"western\"><span><span><i>__________________________________</i></span></span></p>\r\n<p align=\"left\" class=\"western\"><span><span><span><span><span><span><b>C\u00e2mara Municipal de Montes Claros<br /></b></span></span></span></span></span></span><span>Assessoria de Comunica\u00e7\u00e3o Social<br />Contatos:(38) 3690-5504 | 3690-5506 \u2013ascom@montesclaros.mg.leg.br<br />Facebook\u00a0</span><span><span><span><span><span><span><span><span><span><a href=\"http://www.facebook.com/camaramoc\" target=\"_blank\">www.facebook.com/camaramoc<br /></a></span></span></span></span></span></span></span></span></span><span>Twitter:</span><span><span><span><span><span><span><span><span><span><a href=\"https://twitter.com/camaramoc\" target=\"_blank\">https://twitter.com/camaramoc<br /></a></span></span></span></span></span></span></span></span></span><span>Instagram:</span><span><span><span><span><span><span><span><span><span><a href=\"http://www.instagram.com/camaramoc\" target=\"_blank\">www.instagram.com/camaramoc<br /></a></span></span></span></span></span></span></span></span></span><span><span><span><span><span><span><span><span><span><a href=\"https://montesclaros.mg.leg.br/\" target=\"_blank\">https://montesclaros.mg.leg.br</a></span></span></span></span></span></span></span></span></span></p>\r\n<p align=\"justify\" class=\"western\">\u00a0</p>\r\n<p>\u00a0</p>\r\n<p align=\"justify\" class=\"western\">\u00a0</p>", "author_name": "", "version": "1.0", "author_url": "https://www.montesclaros.mg.leg.br/author/rayhanne.tallis", "provider_name": "Montes Claros", "type": "rich"}