{"provider_url": "https://www.montesclaros.mg.leg.br", "title": "Lar S\u00e3o Vicente de Paulo celebra 120 anos", "html": "<p style=\"text-align: justify; \">Por Christine Antonini</p>\r\n<p style=\"text-align: justify; \">Na noite desta quarta-feira (15), a C\u00e2mara de Montes Claros homenageou o Lar S\u00e3o Vicente de Paulo e a Confer\u00eancia Nossa Senhora e S\u00e3o Jos\u00e9 pelos 120 anos de funda\u00e7\u00e3o. A iniciativa foi do presidente da Casa, vereador Junior Martins (PP). O asilo, tamb\u00e9m conhecido como Lar Bet\u00e2nia, abriga 122 idosos e funciona atrav\u00e9s do voluntariado e doa\u00e7\u00f5es.</p>\r\n<p style=\"text-align: justify; \">Segundo o proponente do evento, as institui\u00e7\u00f5es foram fundadas com o objetivo de apoiar e promover melhor qualidade de vida aos idosos. A Confer\u00eancia Nossa Senhora e S\u00e3o Jos\u00e9 da Sociedade de S\u00e3o Vicente de Paulo foi a primeira fundada em Montes Claros, no dia 15 de maio de 1904.</p>\r\n<p style=\"text-align: justify; \">\u201cDesde a funda\u00e7\u00e3o, a institui\u00e7\u00e3o dedica-se ao acolhimento de idosos de ambos os sexos, garantindo a dignidade, prote\u00e7\u00e3o social e a defesa dos direitos. Muitas fam\u00edlias, por seus infinitos motivos, preferem deixar seu membro familiar, j\u00e1 idoso, na confian\u00e7a que ser\u00e1 bem acolhido pela institui\u00e7\u00e3o\u201d, pontuou Junior Martins.</p>\r\n<p style=\"text-align: justify; \">O asilo abriga 122 idosos e ainda possui lista de espera. S\u00e3o 78 funcion\u00e1rios, entre cuidadores e m\u00e9dicos. Todas as atividades e manuten\u00e7\u00e3o s\u00e3o custeadas exclusivamente pela pr\u00f3pria institui\u00e7\u00e3o, sem aux\u00edlio financeiro governamental. J\u00e1 a Confer\u00eancia Nossa Senhora e S\u00e3o Jos\u00e9 \u00e9 voltada para atender pessoas em situa\u00e7\u00e3o de vulnerabilidade social.</p>\r\n<p style=\"text-align: justify; \">O presidente do Lar S\u00e3o Vicente de Paulo, C\u00e9sar Ramos de Andrade, destacou que o trabalho das duas institui\u00e7\u00f5es \u00e9 parecido, por\u00e9m elas s\u00e3o independentes \u2013 todas fazem parte do grupo cat\u00f3lico Vicentino.</p>\r\n<p style=\"text-align: justify; \">\u201cO asilo funciona atrav\u00e9s de doa\u00e7\u00f5es e volunt\u00e1rios que dedicam seu tempo e amor a ajudar ao pr\u00f3ximo. Nenhuma institui\u00e7\u00e3o se constitui sem pessoas compromissadas, que assumam suas responsabilidades. O Lar representa os valores que Jesus deixou na terra para n\u00f3s, seres humanos darmos continuarmos\u201d, afirmou o presidente do asilo.</p>\r\n<p style=\"text-align: justify; \">A presidente do Conselho Metropolitano e secret\u00e1ria da Confer\u00eancia Nossa Senhora e S\u00e3o Jos\u00e9, Dalvina Ribeiro Miranda, contou sobre a hist\u00f3ria dos vicentinos no mundo \u2013 s\u00e3o 150 confer\u00eancias espalhadas pelo mundo, que inicialmente foi formada por um grupo de jovens que decidiram ajudar pessoas carentes.</p>\r\n<p style=\"text-align: justify; \">\u201cAo perceber a grande propor\u00e7\u00e3o de pessoas carentes, em situa\u00e7\u00e3o de rua, o que come\u00e7ou com uma a\u00e7\u00e3o entre amigos tornou-se algo mundialmente necess\u00e1rio\u201d, enfatizou Dalvina Ribeiro.</p>\r\n<p style=\"text-align: justify; \"><strong>SEJA UM VOLUNT\u00c1RIO</strong></p>\r\n<p style=\"text-align: justify; \">Quem tiver o interesse em contribuir com o asilo ou ser volunt\u00e1rio pode procurar o local - rua Ot\u00e1vio Silveira, s/n\u00ba Bairro Mangu\u00eas \u2013 telefone (38) 3221-3070. O hor\u00e1rio de visitas \u00e9 de 13h \u00e0s 16h, todos os dias da semana, inclusive feriados. Todas as quintas-feiras \u00e0s 10h acontece a Celebra\u00e7\u00e3o Eucar\u00edstica.</p>\r\n<p style=\"text-align: justify; \">\u00a0</p>\r\n<p align=\"justify\" class=\"western\" style=\"text-align: justify; \"><span>________________________________________</span></p>\r\n<p align=\"left\" style=\"text-align: justify; \"><span><span><span><b><span>C\u00e2mara Municipal de Montes Claros</span></b></span></span></span></p>\r\n<p align=\"left\" style=\"text-align: justify; \"><span><span><span><span>Assessoria de Comunica\u00e7\u00e3o Social</span></span></span></span></p>\r\n<p align=\"left\" style=\"text-align: justify; \"><span><span><span><span><span><span><span>Contatos:(38) 3690-5504 | 3690-5506 \u2013 </span></span></span></span></span></span></span><a href=\"mailto:ascom@montesclaros.mg.leg.br\">ascom@montesclaros.mg.leg.br</a></p>\r\n<p align=\"left\" style=\"text-align: justify; \"><span><span><span><span><span><span><span>Facebook: </span></span></span></span></span></span></span><a href=\"http://www.facebook.com/camaramoc\" target=\"_blank\">www.facebook.com/camaramoc</a><span><span><span><span><span><span><span> </span></span></span></span></span></span></span></p>\r\n<p align=\"left\" style=\"text-align: justify; \"><span><span><span><span><span><span><span>Twitter: </span></span></span></span></span></span></span><a href=\"https://twitter.com/camaramoc\" target=\"_blank\">https://twitter.com/camaramoc</a><span><span><span><span><span><span><span> </span></span></span></span></span></span></span></p>\r\n<p align=\"left\" style=\"text-align: justify; \"><span><span><span>Instagram: <a href=\"http://www.instagram.com/camaramoc\" target=\"_blank\">www.instagram.com/camaramoc</a> </span></span></span></p>\r\n<p align=\"left\" style=\"text-align: justify; \"><span>Site: </span><a href=\"https://montesclaros.mg.leg.br/\" target=\"_blank\">https://montesclaros.mg.leg.br</a></p>\r\n<p align=\"justify\" class=\"western\" style=\"text-align: justify; \"><span><br /><br /></span></p>\r\n<p style=\"text-align: justify; \">\u00a0</p>\r\n<p style=\"text-align: justify; \">\u00a0</p>", "author_name": "", "version": "1.0", "author_url": "https://www.montesclaros.mg.leg.br/author/cristine", "provider_name": "Montes Claros", "type": "rich"}