{"provider_url": "https://www.montesclaros.mg.leg.br", "title": " Lapa Grande \u00e9 tema de audi\u00eancia", "html": "<p align=\"justify\"><span><span><span>Por Selma Gon\u00e7alves<br /></span></span></span></p>\r\n<p align=\"justify\"><span><span><span>A C\u00e2mara de Vereadores de Montes Claros realiza nesta quinta-feira (12), audi\u00eancia p\u00fablica para discutir </span></span></span><span><span><span><span>a</span></span></span></span><span><span><span><b> Relev\u00e2ncia e Estrutura\u00e7\u00e3o da Visita\u00e7\u00e3o Tur\u00edstica do Parque Estadual da Lapa Grande. </b></span></span></span><span><span><span><span>A reuni\u00e3o acontecer\u00e1 no plen\u00e1rio da casa Legislativa, \u00e0s 17hs.</span></span></span></span></p>\r\n<p align=\"justify\"><span><span><span><span>Para o</span></span></span></span><span><span><span><span> vereador </span></span></span></span><span><span><span><span>propositor, </span></span></span></span><span><span><span><span>Aldair Fagundes (Cidadania), </span></span></span></span><span><span><span><span>\u00e9 necess\u00e1ria a discuss\u00e3o do</span></span></span></span><span><span><span><span> potencial tur\u00edstico, a melhoria do acesso, principalmente o trecho</span></span></span></span><span><span><span><span> </span></span></span></span><span><span><span><span>que est\u00e1 dentro da Vila Atl\u00e2ntida que n\u00e3o tem asfalto, o fomento de parcerias, al\u00e9m da inclus\u00e3o da popula\u00e7\u00e3o do entorno do parque. </span></span></span></span><span><span><span><span> </span></span></span></span></p>\r\n<p align=\"justify\"><span><span>Seguindo as determina\u00e7\u00f5es legais para o per\u00edodo de pandemia, os interessados poder\u00e3o participar atrav\u00e9s do chat do canal oficial da TV C\u00e2mara, no YouTube. A audi\u00eancia tamb\u00e9m ser\u00e1 transmitida pela TV C\u00e2mara, canal 5.3. </span></span></p>\r\n<p align=\"justify\"><span><span><span><span>Para debater o assunto </span></span></span></span><span><span><span><span>foram convidados:</span></span></span></span></p>\r\n<p align=\"justify\"><span><span>Presidente da CDL - Ernandes Ferreira da Silva </span></span></p>\r\n<p align=\"justify\"><span><span><span><span>Gestora </span></span></span></span><span><span><span><span>Administrativa</span></span></span></span><span><span><span><span> da CDL - Karine Gomes dos Santos</span></span></span></span></p>\r\n<p align=\"justify\"><span><span><span><span>Representando </span></span></span></span><span><span><span><span>Conselho</span></span></span></span><span><span><span><span> Municipal de Turismo - Esmeraldo Pizarro Filho</span></span></span></span></p>\r\n<p align=\"justify\"><span><span>Secret\u00e1rio de Desenvolvimento Econ\u00f4mico - Edilson Torquato</span></span></p>\r\n<p align=\"justify\"><span><span><span><span>Secret\u00e1rio de Meio Ambiente - Soter </span></span></span></span><span><span><span><span>M</span></span></span></span><span><span><span><span>agno do Carmo </span></span></span></span></p>\r\n<p align=\"justify\"><span><span>Promotor P\u00fablico - Dr. Paulo C\u00e9sar Lima</span></span></p>\r\n<p align=\"justify\"><span><span>Representando o Instituto Grande Sert\u00e3o - Eduardo Gomes</span></span></p>\r\n<p align=\"justify\"><span><span><span><span>Representando o </span></span></span></span><span><span><span><span>IEF</span></span></span></span><span><span><span><span> - Supervisora Regional - Margarete Suely Caires</span></span></span></span></p>\r\n<p align=\"justify\"><span><span>Gerente parque Estadual da Lapa Grande - Aneliza de Almeida Miranda Melo</span></span></p>\r\n<p align=\"justify\"><span><span>Representando a Amams - Superintendente de Turismo - \u00cdtalo Mendes</span></span></p>\r\n<p align=\"justify\" style=\"text-align: justify; \"><span>________________________________________________</span></p>\r\n<p align=\"justify\" style=\"text-align: justify; \"><span>C\u00e2mara Municipal de Montes Claros</span><br /><span>Assessoria de Comunica\u00e7\u00e3o Social</span><br /><span>Contatos:(38) 3690-5504\u00a0 | 3690-5506 \u2013 ascom@montesclaros.mg.leg.br</span><br /><span>Facebook: www.facebook.com/camaramoc</span><br /><span>Twitter: https://twitter.com/camaramoc</span><br /><span>Instagram: www.instagram.com/camaramoc</span><br /><span>https://montesclaros.mg.leg.br</span></p>\r\n<p align=\"justify\">\u00a0</p>\r\n<p>\u00a0</p>\r\n<p>\u00a0</p>\r\n<p>\u00a0</p>\r\n<p>\u00a0</p>", "author_name": "", "version": "1.0", "author_url": "https://www.montesclaros.mg.leg.br/author/selma", "provider_name": "Montes Claros", "type": "rich"}