{"provider_url": "https://www.montesclaros.mg.leg.br", "title": "Feiras livres poder\u00e3o tornar autarquias ", "html": "<p style=\"text-align: justify; \">Por Christine Antonini</p>\r\n<p style=\"text-align: justify; \">Foram aprovados cinco requerimentos, durante a sess\u00e3o ordin\u00e1ria desta ter\u00e7a-feira (19/11), na C\u00e2mara de Montes Claros. De autoria do vereador Igor Dias (PRD), o requerimento (n\u00b0379/2024), solicita a cria\u00e7\u00e3o de uma coordena\u00e7\u00e3o municipal ou autarquia para administra\u00e7\u00e3o das novas feiras livres que funcionam em espa\u00e7os p\u00fablicos.</p>\r\n<p style=\"text-align: justify; \">Segundo o vereador Igor Dias, a proposta visa estruturar administra\u00e7\u00e3o das novas feiras livres que vierem a funcionar em espa\u00e7os p\u00fablicos, bem como das j\u00e1 existentes que optarem por aderir a essa gest\u00e3o, desde que tamb\u00e9m localizadas em \u00e1reas p\u00fablicas.</p>\r\n<p style=\"text-align: justify; \">Ainda de acordo com o vereador, essa coordena\u00e7\u00e3o regulamentar\u00e1 e apoiar\u00e1 a organiza\u00e7\u00e3o dos feirantes, promovendo melhorias na infraestrutura, garantindo a limpeza e seguran\u00e7a dos locais, e implementando pr\u00e1ticas sustent\u00e1veis, em benef\u00edcio dos comerciantes e consumidores. Al\u00e9m disso, o parlamentar explicou que, muitas vezes, as pessoas ficam perdidas sobre quem procurar e o que fazer para iniciar uma feira, e que, essa autarquia ajudar\u00e1 na orienta\u00e7\u00e3o.</p>\r\n<p style=\"text-align: justify; \">Tamb\u00e9m, foram aprovados, durante a sess\u00e3o, tr\u00eas requerimentos voltados para a infraestrutura e melhorias na urbaniza\u00e7\u00e3o da cidade. O primeiro, de iniciativa da vereadora Maria Helena Lopes (MDB), reivindica a conclus\u00e3o da pra\u00e7a do bairro Chiquinho Guimar\u00e3es.</p>\r\n<p style=\"text-align: justify; \">O vereador Soter Magno (PSD), enviou of\u00edcio ao prefeito Humberto Souto, solicitando a constru\u00e7\u00e3o de faixa elevada na avenida Ol\u00edmpio Teixeira Guimar\u00e3es, em frente ao n\u00famero 568, no bairro Morada do Parque, ao lado da pra\u00e7a da Amizade. Para o vereador, essa obra visa garantir maior seguran\u00e7a aos pedestres, que circulam diariamente por essa via, principalmente crian\u00e7as e idosos que frequentam a pra\u00e7a, onde h\u00e1 intenso tr\u00e1fego e um elevado fluxo de pessoas.</p>\r\n<p style=\"text-align: justify; \">No bairro Independ\u00eancia, o vereador Cl\u00e1udio Rodrigues (Cidadania) solicitou asfalto da rua em frente ao posto de gasolina Rede Trevo, localizado na avenida n\u00b05.105. J\u00e1 a vereadora Ceci Protetora (PRD) expediu of\u00edcio ao prefeito Humberto Souto, com c\u00f3pia para o secret\u00e1rio de Servi\u00e7os Urbanos, Fabiano Oliveira, solicitando o funcionamento do curral municipal por 24 horas e sete dias por semana.</p>\r\n<p style=\"text-align: justify; \">\u201cNo final do dia e nos finais de semana, existe grande demanda de animais de grande porte soltos em vias p\u00fablicas. Al\u00e9m de serem v\u00edtimas de maus-tratos, esses animais tamb\u00e9m podem causar acidentes\u201d, justificou a vereadora Ceci.</p>\r\n<p style=\"text-align: justify; \"><strong>MO\u00c7\u00c3O</strong></p>\r\n<p style=\"text-align: justify; \">De iniciativa da vereadora Professora Iara Pimentel (PT), a mo\u00e7\u00e3o n\u00b06/2024 foi aprovada. A pasta visa apoiar a Proposta de Emenda \u00e0 Constitui\u00e7\u00e3o (PEC) pela redu\u00e7\u00e3o da jornada de trabalho e fim da jornada 6x1 que j\u00e1 ultrapassou as 171 assinaturas para ser protocolada e seguir tramita\u00e7\u00e3o no Congresso Nacional.</p>\r\n<p style=\"text-align: justify; \">De acordo com a vereadora, a escala 6x1 foi implementada h\u00e1 d\u00e9cadas e \u00e9 comum em diversos setores como com\u00e9rcio, sa\u00fade e servi\u00e7os, onde a demanda cont\u00ednua requer disponibilidade di\u00e1ria. \u201cEntretanto, cr\u00edticos defendem que o modelo vigente \u00e9 exaustivo e prejudicial \u00e0 qualidade de vida das trabalhadoras e trabalhadores\u201d, finalizou a vereadora.</p>\r\n<p style=\"text-align: justify; \">\u00a0</p>\r\n<p align=\"justify\"><span><span><span><span><span><i><span><span>______________________________________________</span></span></i></span></span></span></span></span></p>\r\n<p align=\"left\"><span><span><span><span><span><span><b><span>C\u00e2mara Municipal de Montes Claros</span></b></span></span></span></span></span></span><span><span><span><span><span><span><span><span><br /> Assessoria de Comunica\u00e7\u00e3o Social<br /> Contatos:(38) 3690-5504 | 3690-5506 \u2013\u00a0</span></span></span></span></span></span></span></span><a href=\"mailto:ascom@montesclaros.mg.leg.br\"><span><span><span><span><span><span><span><span>ascom@montesclaros.mg.leg.br</span></span></span></span></span></span></span></span></a><span><span><span><span><span><span><span><span><br /> Facebook:\u00a0</span></span></span></span></span></span></span></span><a href=\"http://www.facebook.com/camaramoc\" target=\"_blank\"><span><span><span><span><span><span><span><span>www.facebook.com/camaramoc</span></span></span></span></span></span></span></span></a><span><span><span><span><span><span><span><span><br /> Twitter: https<a href=\"https://twitter.com/camaramoc\" target=\"_blank\">://twitter.com/camaramoc</a><br /> Instagram: www.</span></span></span></span></span></span></span></span><a href=\"http://www.instagram.com/camaramoc\" target=\"_blank\"><span><span><span><span><span><span><span><span>instagram.com/camaramoc</span></span></span></span></span></span></span></span></a><span><span><span><span><span><span><span><span><br /> Site:\u00a0</span></span></span></span></span></span></span></span><a href=\"https://montesclaros.mg.leg.br/\" target=\"_blank\"><span><span><span><span><span><span><span><span>https://montesclaros.mg.leg.br</span></span></span></span></span></span></span></span></a></p>", "author_name": "", "version": "1.0", "author_url": "https://www.montesclaros.mg.leg.br/author/cristine", "provider_name": "Montes Claros", "type": "rich"}