{"provider_url": "https://www.montesclaros.mg.leg.br", "title": "Estradas rurais em pauta na C\u00e2mara", "html": "<p align=\"justify\" class=\"western\" style=\"text-align: justify; \"><span><span>Por C\u00e1ssia Soares</span></span></p>\r\n<p align=\"justify\" class=\"western\" style=\"text-align: justify; \"><span><span><br /> Na reuni\u00e3o ordin\u00e1ria da C\u00e2mara Municipal de Montes Claros, realizada nessa ter\u00e7a-feira (21/5), os vereadores debateram a necessidade de reformas em diversas estradas rurais do munic\u00edpio e anunciaram novas obras. Entre as principais preocupa\u00e7\u00f5es destacadas estavam as dificuldades enfrentadas pelos estudantes que dependem do transporte escolar.</span></span></p>\r\n<p align=\"justify\" class=\"western\" style=\"text-align: justify; \"><span> O vereador Eldair Samambaia (PSD) enfatizou a necessidade de urg\u00eancia no patrolamento e cascalhamento das estradas na comunidade de Mato Verde. O parlamentar tamb\u00e9m anunciou a assinatura de uma ordem de servi\u00e7o para pavimenta\u00e7\u00e3o asf\u00e1ltica em ruas do distrito de Vila Nova de Minas e das comunidades de Samambaia e Estreito de Miralta.</span></p>\r\n<p align=\"justify\" class=\"western\" style=\"text-align: justify; \"><span>Os vereadores Edson Cabeleireiro (PV) e Reinaldo Carrapicho (PSD) cobraram maior aten\u00e7\u00e3o do secret\u00e1rio de Agricultura e Abastecimento, Osmani Barbosa Neto, para as condi\u00e7\u00f5es das estradas rurais. Edson solicitou servi\u00e7os de patrolamento nas comunidades de Usif\u00e9, no assentamento de Mucambo Firme e nas \u00e1reas adjacentes. Carrapicho sugeriu ao secret\u00e1rio que percorra e encontre solu\u00e7\u00e3o para as estradas de S\u00e3o Domingos e de Lagoas, que, segundo ele, est\u00e3o impossibilitando o transporte escolar.</span></p>\r\n<p align=\"justify\" class=\"western\" style=\"text-align: justify; \"><span><span>A vereadora Maria Helena Lopes (MDB) destacou a import\u00e2ncia da obra de fresagem iniciada pela Prefeitura nas estradas de Olhos d'\u00c1gua. Segundo a vice-presidente da Casa legislativa, as estradas ofereciam riscos \u00e0 seguran\u00e7a dos alunos, mas, com a conclus\u00e3o da obra, o problema ser\u00e1 solucionado. Maria Helena disse ainda que as estradas das comunidades de Julieta Braga, Pinheiros e Ab\u00f3boras tamb\u00e9m ser\u00e3o reformadas.</span></span></p>\r\n<p align=\"justify\" class=\"western\" style=\"text-align: justify; \"><span><span> Os vereadores Marcos Nem (Pode) e Valdecy Contador (Cidadania) tamb\u00e9m anunciaram melhorias na zona rural. Marcos Nem destacou que a reforma da ponte e nas estradas da comunidade de Pau Ferro e adjac\u00eancias j\u00e1 foi solicitada ao secret\u00e1rio Osmani Barbosa Neto. Valdecy Contador comemorou a ordem de servi\u00e7o dada pela Prefeitura para a constru\u00e7\u00e3o de ruas no distrito de S\u00e3o Jo\u00e3o da Vereda.</span></span></p>\r\n<p align=\"left\" class=\"western\"><span><span><b><span>______________________________</span></b></span></span></p>\r\n<p align=\"left\" class=\"western\"><span><span><b><span>C\u00e2mara Municipal de Montes Claros</span></b></span></span></p>\r\n<p align=\"left\" class=\"western\"><span><span><span>Assessoria de Comunica\u00e7\u00e3o Social</span></span></span></p>\r\n<p align=\"left\" class=\"western\"><span><span><span><span><span><span><span>Contatos:(38) 3690-5504 | 3690-5506 \u2013 </span></span></span></span></span></span></span><span><span><a href=\"mailto:ascom@montesclaros.mg.leg.br\"><span>ascom@montesclaros.mg.leg.br</span></a></span></span></p>\r\n<p align=\"left\" class=\"western\"><span><span><span><span><span><span><span>Facebook: </span></span></span></span></span></span></span><span><span><a href=\"http://www.facebook.com/camaramoc\"><span>www.facebook.com/camaramoc</span></a></span></span></p>\r\n<p align=\"left\" class=\"western\"><span><span><a href=\"http://www.facebook.com/camaramoc\"><span></span></a></span></span><span>Twitter: </span><span><a href=\"https://twitter.com/camaramoc\">https://twitter.com/camaramoc</a></span></p>\r\n<p align=\"left\" class=\"western\"><span><span><span><span><span><span><span>Instagram: </span></span></span></span></span></span></span><span><span><a href=\"http://www.instagram.com/camaramoc\"><span><span><span><span><span><span><span>www.instagram.com/camaramoc</span></span></span></span></span></span></span></a></span></span></p>\r\n<p align=\"left\" class=\"western\"><span><span><span><span><span><span><span>Site: </span></span></span></span></span></span></span><span><span><a href=\"https://montesclaros.mg.leg.br/\"><span><span><span><span><span><span><span>https://montesclaros.mg.leg.br</span></span></span></span></span></span></span></a></span></span><span><span><span><span><span><span><span> </span></span></span></span></span></span></span></p>", "author_name": "", "version": "1.0", "author_url": "https://www.montesclaros.mg.leg.br/author/cassia.soares", "provider_name": "Montes Claros", "type": "rich"}