{"provider_url": "https://www.montesclaros.mg.leg.br", "title": "Dez requerimentos s\u00e3o aprovados na C\u00e2mara", "html": "<p align=\"justify\" class=\"western\"><span><span>Por C\u00e1ssia Soares</span></span></p>\r\n<p align=\"justify\" class=\"western\"><span>Nesta quinta-feira (9), em reuni\u00e3o ordin\u00e1ria da C\u00e2mara Municipal de Montes Claros, os vereadores aprovaram, 10 requerimentos, sendo tr\u00eas deles, voltados \u00e0 infraestrutura. Os demais documentos abordam quest\u00f5es relacionadas \u00e0 sa\u00fade, lazer, seguran\u00e7a no tr\u00e2nsito e acessibilidade.</span></p>\r\n<p align=\"justify\" class=\"western\"><b>Infraestrutura</b></p>\r\n<p align=\"justify\" class=\"western\">O vereador Eldair Samambaia (PSD) apresentou requerimento solicitando o asfaltamento de importantes acessos na cidade. As obras envolvem a liga\u00e7\u00e3o entre a Estrada da Produ\u00e7\u00e3o e a comunidade de Tabuas, entre o distrito de Santa Rosa de Lima e o distrito de S\u00e3o Pedro da Gar\u00e7a, al\u00e9m do trecho entre a Estrada da Produ\u00e7\u00e3o, os distritos de Ermidinha e Pedra Preta dos Montes, e a estrada que ligam os distritos de Miralta e Vila Nova de Minas \u00e0 BR-135, chegando \u00e0 comunidade de Marcela.</p>\r\n<p align=\"justify\" class=\"western\"><span>A vereadora Gra\u00e7a da Casa do Motor (Uni\u00e3o) pediu a reforma geral do cal\u00e7ad\u00e3o da Pra\u00e7a de Esportes (Cal\u00e7ad\u00e3o Conrado Pereira), incluindo a substitui\u00e7\u00e3o de l\u00e2mpadas queimadas e a melhoria da ilumina\u00e7\u00e3o ao redor da pra\u00e7a e nas imedia\u00e7\u00f5es das bancas de com\u00e9rcio.</span></p>\r\n<p align=\"justify\" class=\"western\">J\u00e1 o vereador Marcos Nem (Pode) requereu a realiza\u00e7\u00e3o de um estudo t\u00e9cnico para o recapeamento da Rua Roque Ferreira Pimenta, que liga os bairros Delfino e Camilo Prates.</p>\r\n<p align=\"justify\" class=\"western\"><b>Lazer e Sa\u00fade</b></p>\r\n<p align=\"justify\" class=\"western\">Na \u00e1rea de lazer, o vereador Ailton do Village (MDB) solicitou a constru\u00e7\u00e3o de um parque na regi\u00e3o do Grande Village, pr\u00f3ximo ao Centro de Refer\u00eancia de Assist\u00eancia Social (CRAS) local, para atender os moradores da regi\u00e3o.</p>\r\n<p align=\"justify\" class=\"western\">Na sa\u00fade, o vereador Eduardo Preto (Pode) pediu a constru\u00e7\u00e3o de um centro de sa\u00fade no bairro Santo In\u00e1cio, com salas amplas para atendimento odontol\u00f3gico e uma recep\u00e7\u00e3o que proporcione mais conforto e comodidade aos pacientes.</p>\r\n<p align=\"justify\" class=\"western\"><b>Acessibilidade e Seguran\u00e7a no Tr\u00e2nsito</b></p>\r\n<p align=\"justify\" class=\"western\">Em rela\u00e7\u00e3o \u00e0 acessibilidade, a vereadora Maria Helena Lopes (MDB) requereu a constru\u00e7\u00e3o de uma rampa de acesso para cadeirantes na Avenida Viriato Ribeiro Aquino, no bairro Canelas, pr\u00f3ximo \u00e0 faixa de pedestres.</p>\r\n<p align=\"justify\" class=\"western\">Para a seguran\u00e7a no tr\u00e2nsito, o vereador Cris\u00f3stomo da Minas Brasil (Uni\u00e3o) solicitou a implanta\u00e7\u00e3o de um redutor de velocidade na Avenida Sol Nascente, na interse\u00e7\u00e3o com a Rua Jo\u00e3o Pereira da Silva, no bairro Vila Sion. Al\u00e9m disso, o vereador Soter Magno (PSD) pediu a constru\u00e7\u00e3o de uma faixa elevada na Rua Euz\u00e9bio Alves Sarmento, em frente ao Col\u00e9gio \u00cdmpar, no bairro Jardim S\u00e3o Lu\u00eds.</p>\r\n<p align=\"justify\" class=\"western\">A C\u00e2mara tamb\u00e9m aprovou outros dois requerimentos. A vereadora Carol Figueiredo (PL) solicitou fiscaliza\u00e7\u00e3o e limpeza urbana nas imedia\u00e7\u00f5es da Lagoa Interlagos, enquanto o vereador PC Landim (Avante) requisitou a reforma e adequa\u00e7\u00e3o da Casa da Cidadania de Montes Claros.</p>\r\n<p align=\"justify\" class=\"western\"><br /> ________________________________</p>\r\n<p class=\"western\"><span><span><span><span><span><span><b>C\u00e2mara Municipal de Montes Claros</b></span></span></span></span></span></span><span><span><span><span><span><span><span><br /> Assessoria de Comunica\u00e7\u00e3o Social<br /> Contatos:(38) 3690-5504 | 3690-5506 \u2013 </span></span></span></span></span></span></span><span><a href=\"mailto:ascom@montesclaros.mg.leg.br\" target=\"_blank\"><span><span><span><span><span><span><span><span><span>ascom@montesclaros.mg.leg.br</span></span></span></span></span></span></span></span></span></a></span><span><span><span><span><span><span><span><br /> Facebook</span></span></span></span></span></span></span><span><a href=\"http://www.facebook.com/camaramoc\" target=\"_blank\"><span><span><span><span><span><span><span><span><span>www.facebook.com/camaramoc</span></span></span></span></span></span></span></span></span></a></span><span><span><span><span><span><span><span><br /> Twitter: https</span></span></span></span></span></span></span><span><a href=\"https://twitter.com/camaramoc\" target=\"_blank\"><span><span><span><span><span><span><span><span><span>://twitter.com/camaramoc</span></span></span></span></span></span></span></span></span></a></span><span><span><span><span><span><span><span><br /> Instagram: www</span></span></span></span></span></span></span><span><a href=\"http://www.instagram.com/camaramoc\" target=\"_blank\"><span><span><span><span><span><span><span><span><span>.instagram.com/camaramoc</span></span></span></span></span></span></span></span></span></a></span><span><span><span><span><span><span><span><br /> Site: </span></span></span></span></span></span></span><span><a href=\"https://montesclaros.mg.leg.br/\" target=\"_blank\"><span><span><span><span><span><span><span><span><span>https://montesclaros.mg.leg.br</span></span></span></span></span></span></span></span></span></a></span></p>", "author_name": "", "version": "1.0", "author_url": "https://www.montesclaros.mg.leg.br/author/cassia.soares", "provider_name": "Montes Claros", "type": "rich"}