{"provider_url": "https://www.montesclaros.mg.leg.br", "title": "Cultura e esporte em pauta", "html": "<p class=\"western\" style=\"text-align: justify; \"><span>Por Mariana Vitorino</span></p>\r\n<p class=\"western\" style=\"text-align: justify; \"><span>Em reuni\u00e3o da Comiss\u00e3o de Legisla\u00e7\u00e3o, Justi\u00e7a e Reda\u00e7\u00e3o da C\u00e2mara Municipal, nesta quinta-feira (07/11), dois projetos foram analisados e receberam parecer positivo para o T\u00edtulo Declarat\u00f3rio de Utilidade P\u00fablica. Os proponentes foram os vereadores Igor Dias (PRD)e Maria Helena (MDB).</span></p>\r\n<p class=\"western\" style=\"text-align: justify; \"><span>Os projetos de Lei n\u00ba 146 e 148 contemplam as institui\u00e7\u00f5es Grupo Fitas e Associa\u00e7\u00e3o Esportiva Marquinhos Karat\u00ea. Antes do parecer positivo (legal e constitucional), a Comiss\u00e3o de Legisla\u00e7\u00e3o, Justi\u00e7a e Reda\u00e7\u00e3o reuniu com representantes das associa\u00e7\u00f5es para conhecer o trabalho desenvolvido por eles e a real necessidade de cada uma.</span></p>\r\n<p class=\"western\" style=\"text-align: justify; \"><span>O vereador Cl\u00e1udio Rodrigues (Cidadania), relator da Comiss\u00e3o, enfatizou a import\u00e2ncia das institui\u00e7\u00f5es receberem o t\u00edtulo, para terem acesso a recursos p\u00fablicos fazendo a diferen\u00e7a na vida das pessoas transformando o cen\u00e1rio socioecon\u00f4mico da cidade. Al\u00e9m do resgate cultural e incentivo ao esporte.</span></p>\r\n<p class=\"western\" style=\"text-align: justify; \"><span>A Associa\u00e7\u00e3o Esportiva Marquinhos Karat\u00ea, que leva o nome do fundador, tem prestado servi\u00e7o \u00e0 comunidade h\u00e1 30 anos. Ele ressalta que agora a equipe vai poder expandir os trabalhos com crian\u00e7as, jovens e adulto, inserindo-os no cen\u00e1rio nacional do esporte. A associa\u00e7\u00e3o pretende, ainda, desenvolver um projeto de karat\u00ea nas escolas.</span></p>\r\n<p class=\"western\" style=\"text-align: justify; \"><span>Igor Dias, proponente do projeto 148, explicou que esse t\u00edtulo confere realmente a legitimidade necess\u00e1ria e o reconhecimento da Casa Legislativa para institui\u00e7\u00f5es que desenvolvem trabalhos em prol da sociedade, beneficiando crian\u00e7as carentes.</span></p>\r\n<p class=\"western\" style=\"text-align: justify; \"><b>GRUPO FITAS</b></p>\r\n<p class=\"western\" style=\"text-align: justify; \"><span>Marco Aur\u00e9lio Drummond tem dedicado a vida para o Grupo Fitas e, agora, com a possibilidade da institui\u00e7\u00e3o ter o T\u00edtulo de Utilidade P\u00fablica ele analisa que esse \u00e9 o momento em que a chave vira para o Grupo, onde ser\u00e1 poss\u00edvel conseguir recursos, viabilizar os objetivos de pesquisas levar a cultura montes-clarense para outros lugares.</span></p>\r\n<p class=\"western\" style=\"text-align: justify; \"><span>A parlamentar, Maria Helena, que \u00e9 proponente do projeto, enfatizou que a pol\u00edtica n\u00e3o \u00e9 somente sa\u00fade, educa\u00e7\u00e3o ou infraestrutura. \u201cO esporte e a cultura tamb\u00e9m s\u00e3o duas \u00e1reas fundamentais para o desenvolvimento da popula\u00e7\u00e3o,\u201d salientou.</span></p>\r\n<p class=\"western\" style=\"text-align: justify; \"><span>Os projetos poder\u00e3o entrar na pauta de vota\u00e7\u00e3o da pr\u00f3xima Reuni\u00e3o Ordin\u00e1ria de ter\u00e7a (12).</span></p>\r\n<p class=\"western\" style=\"text-align: justify; \"><span>A concess\u00e3o de Utilidade P\u00fablica possibilita \u00e0 entidade firmar conv\u00eanios com o Poder P\u00fablico e reivindicar, nos \u00f3rg\u00e3os competentes, isen\u00e7\u00e3o de contribui\u00e7\u00f5es destinadas \u00e0 seguridade social e pagamento de taxas cobradas por cart\u00f3rios.</span></p>\r\n<p class=\"western\" style=\"text-align: justify; \"><span><br /></span></p>\r\n<p class=\"western\" style=\"text-align: justify; \"><span>______________________________</span></p>\r\n<p class=\"western\" style=\"text-align: justify; \"><span><span> <br /> </span></span><span><span><b>C\u00e2mara Municipal de Montes Claros</b></span></span><span><span><br /> Assessoria de Comunica\u00e7\u00e3o Social<br /> Contatos:(38) 3690-5504 | 3690-5506 \u2013 ascom@montesclaros.mg.leg.br<br /> Facebook: www.facebook.com/camaramoc<br /> Twitter: https://twitter.com/camaramoc<br /> Instagram: www.instagram.com/camaramoc<br /> Site: https://montesclaros.mg.leg.br</span></span></p>", "author_name": "", "version": "1.0", "author_url": "https://www.montesclaros.mg.leg.br/author/mariana.vitorino", "provider_name": "Montes Claros", "type": "rich"}