{"provider_url": "https://www.montesclaros.mg.leg.br", "title": "Corredor Cultural \u00e9 tema de audi\u00eancia ", "html": "<p>Por Selma Gon\u00e7alves</p>\r\n<p align=\"justify\" class=\"western\">A C\u00e2mara Municipal realiza na tarde desta segunda-feira, \u00e0s 16hs, audi\u00eancia p\u00fablica para discutir a \u201cmanuten\u00e7\u00e3o do Corredor Cultural e a sua caracteriza\u00e7\u00e3o urbana de centro hist\u00f3rico e cultural enquanto ber\u00e7o da cidade de Montes Claros\u201d.</p>\r\n<p align=\"justify\" class=\"western\">A proposta \u00e9 da vereadora Iara Pimentel (PT) feita atrav\u00e9s da Comiss\u00e3o Permanente de Cultura da C\u00e2mara de Vereadores.</p>\r\n<p align=\"justify\" class=\"western\">Localizado no fundo da Igreja Matriz, no centro hist\u00f3rico de Montes Claros, o Corredor Cultural Padre Dudu \u00e9 um dos principais pontos tur\u00edsticos da cidade. Com casas, cal\u00e7amento e ilumina\u00e7\u00e3o no estilo colonial \u00e9 ponto de encontro, eventos culturais e um dos locais mais procurados para ensaios fotogr\u00e1ficos pela beleza r\u00fastica.</p>\r\n<p align=\"justify\" class=\"western\"><span>Vale lembrar que a audi\u00eancia tamb\u00e9m ser\u00e1 transmitidas, ao vivo, pela TV C\u00e2mara canal 5.3 e pelo YouTube:</span></p>\r\n<p align=\"justify\" class=\"western\"><a class=\"western\" href=\"https://www.youtube.com/tvcamaramontesclaros\">https://www.youtube.com/tvcamaramontesclaros</a></p>\r\n<p align=\"justify\" class=\"western\">\u00a0<span>__________________________</span></p>\r\n<p><span><span><span><span><span><span><span><b>C\u00e2mara Municipal de Montes Claros</b></span></span></span></span></span></span></span><span><br /></span><span>Assessoria de Comunica\u00e7\u00e3o Social</span><span><br /></span><span>Contatos:(38) 3690-5504 | 3690-5506 \u2013</span><span><span><span><span><span><span><span><span><span><a href=\"mailto:ascom@montesclaros.mg.leg.br\" target=\"_self\">ascom@montesclaros.mg.leg.br</a></span></span></span></span></span></span></span></span></span><span><br /></span><span>Facebook\u00a0</span><span><span><span><span><span><span><span><span><span><a href=\"http://www.facebook.com/camaramoc\" target=\"_blank\">www.facebook.com/camaramoc</a></span></span></span></span></span></span></span></span></span><span><br /></span><span>Twitter:</span><span><span><span><span><span><span><span><span><span><a href=\"https://twitter.com/camaramoc\" target=\"_blank\">https://twitter.com/camaramoc</a></span></span></span></span></span></span></span></span></span><span><br /></span><span>Instagram:</span><span><span><span><span><span><span><span><span><span><a href=\"http://www.instagram.com/camaramoc\" target=\"_blank\">www.instagram.com/camaramoc</a></span></span></span></span></span></span></span></span></span><span><br /></span><span><span><span><span><span><span><span><span><span><span><a href=\"https://montesclaros.mg.leg.br/\" target=\"_blank\">https://montesclaros.mg.leg.br</a></span></span></span></span></span></span></span></span></span></span></p>\r\n<p align=\"justify\" class=\"western\">\u00a0</p>", "author_name": "", "version": "1.0", "author_url": "https://www.montesclaros.mg.leg.br/author/selma", "provider_name": "Montes Claros", "type": "rich"}