{"provider_url": "https://www.montesclaros.mg.leg.br", "title": "Cinema local ganha espa\u00e7o na TV C\u00e2mara", "html": "<p align=\"left\" class=\"western\"><span><span><span>Por Gissele Niza </span></span></span></p>\r\n<p align=\"justify\" class=\"western\"><span><span><br /> A TV C\u00e2mara de Montes Claros, al\u00e9m de informar a popula\u00e7\u00e3o sobre o trabalho legislativo, refor\u00e7a seu compromisso com a valoriza\u00e7\u00e3o da cultura regional. Desde o dia 3 de julho, a emissora passou a contar com uma nova programa\u00e7\u00e3o, que traz como destaque o lan\u00e7amento do Cine Catrumano \u2013 espa\u00e7o dedicado \u00e0 exibi\u00e7\u00e3o de filmes produzidos por cineastas de Montes Claros ou que retratam a cidade e o Norte de Minas.</span></span></p>\r\n<p align=\"justify\" class=\"western\"><span><span>A proposta \u00e9 reconhecer e divulgar os talentos locais, aproximando o p\u00fablico das produ\u00e7\u00f5es audiovisuais que resgatam a hist\u00f3ria, os costumes e as paisagens da regi\u00e3o. O filme de estreia foi \u201cOs Marginais\u201d, gravado em Montes Claros em 1967 e estrelado pelo ator Paulo Jos\u00e9. A obra \u00e9 dirigida pelo montes-clarense Carlos Alberto Prates Correia e narra a hist\u00f3ria de Guilherme, um forasteiro vindo de Belo Horizonte que tenta se passar por empres\u00e1rio, enganando at\u00e9 o prefeito da cidade.</span></span></p>\r\n<p align=\"justify\" class=\"western\"><span><span>A programa\u00e7\u00e3o segue com \u201cConcerto de Outono para Jo\u00e3o Chaves\u201d, lan\u00e7ado em 2024 pela cineasta Berenice Chaves, tamb\u00e9m natural de Montes Claros. A exibi\u00e7\u00e3o foi viabilizada por meio de parceria com a produtora, ampliando o acervo de filmes regionais dispon\u00edveis ao p\u00fablico.</span></span></p>\r\n<p align=\"justify\" class=\"western\"><span><span>Outros nomes j\u00e1 confirmados na grade do Cine Catrumano incluem Diego Dutra, Alberto Gra\u00e7a, V\u00e2nia Catani e Paulo Henrique Veloso. Novas produ\u00e7\u00f5es ser\u00e3o adicionadas ao longo da temporada, fortalecendo a presen\u00e7a da identidade local na grade da TV C\u00e2mara.<br /> O Cine Catrumano vai ao ar diariamente, \u00e0s 23h, pelo canal 5.3 da TV aberta.</span></span></p>\r\n<p align=\"justify\" class=\"western\">\u00a0</p>\r\n<p class=\"western\"><span><span><i><span>______________________</span></i></span></span></p>\r\n<p align=\"left\" class=\"western\"><span><span><span><span><span><span><b><span>C\u00e2mara Municipal de Montes Claros<br /> </span></b></span></span></span></span></span></span><span><span><span><span><span><span><span>Assessoria de Comunica\u00e7\u00e3o Social<br /> Contatos:(38) 3690-5504 | 3690-5506 \u2013ascom@montesclaros.mg.leg.br<br /> Facebook\u00a0</span></span></span></span></span></span></span><a href=\"http://www.facebook.com/camaramoc\" target=\"_blank\"><span><span><span><span><span><span><span><span><span><span>www.facebook.com/camaramoc<br /> </span></span></span></span></span></span></span></span></span></span></a><span><span><span><span><span><span><span>Twitter:</span></span></span></span></span></span></span><a href=\"https://twitter.com/camaramoc\" target=\"_blank\"><span><span><span><span><span><span><span><span><span><span>https://twitter.com/camaramoc<br /> </span></span></span></span></span></span></span></span></span></span></a><span><span><span><span><span><span><span>Instagram:</span></span></span></span></span></span></span><span><span><span><span><span><span><span><span><span><span><a href=\"http://www.instagram.com/camaramoc\" target=\"_blank\">www.instagram.com/camaramoc<br /> </a><a href=\"https://montesclaros.mg.leg.br/\" target=\"_blank\">https://montesclaros.mg.leg.br</a></span></span></span></span></span></span></span></span></span></span></p>\r\n<p class=\"western\">\u00a0</p>\r\n<p class=\"western\">\u00a0</p>\r\n<p align=\"justify\" class=\"western\">\u00a0</p>", "author_name": "", "version": "1.0", "author_url": "https://www.montesclaros.mg.leg.br/author/gisseleoliveira", "provider_name": "Montes Claros", "type": "rich"}