{"provider_url": "https://www.montesclaros.mg.leg.br", "title": "Cimams ser\u00e1 homenageado pela C\u00e2mara", "html": "<p><span>Por Christine Antonini</span></p>\r\n<p>A C\u00e2mara Municipal de Montes Claros promove nesta semana, tr\u00eas sess\u00f5es, sendo uma ordin\u00e1ria (na ter\u00e7a-feira) e duas especiais (na quinta e sexta-feira). Al\u00e9m de requerimentos, constam na pauta da reuni\u00e3o ordin\u00e1ria de amanh\u00e3, um projeto e um veto parcial ao projeto de lei n\u00b0144/2024 \u2013 sess\u00e3o come\u00e7a \u00e0s 7h45.</p>\r\n<p>De iniciativa do vereador Wilton Dias (Avante), na quinta-feira (12/12), \u00e0s 19h, a Casa Legislativa homenageia o coronel C\u00e9sar William Passos \u2013 comandante da 11\u00aa Regi\u00e3o de Pol\u00edcia Militar. Na sexta-feira (13/12), a reuni\u00e3o especial \u00e9 para homenagear o Cons\u00f3rcio Intermunicipal da \u00c1rea Mineira da Sudene (Cimams) pelos 10 anos de funda\u00e7\u00e3o \u2013 o evento \u00e9 de autoria do vereador Soter Magno e come\u00e7a \u00e0s 19h.</p>\r\n<p>Confira a agenda completa no site &lt;<a class=\"external-link\" href=\"https://www.montesclaros.mg.leg.br/institucional/eventos\" target=\"_self\" title=\"\">AQUI</a>&gt;</p>", "author_name": "", "version": "1.0", "author_url": "https://www.montesclaros.mg.leg.br/author/gisseleoliveira", "provider_name": "Montes Claros", "type": "rich"}