{"provider_url": "https://www.montesclaros.mg.leg.br", "title": "Centen\u00e1rio do PCdoB ser\u00e1 celebrado ", "html": "<p align=\"justify\" class=\"western\"><span><span>Por Christine Antonini</span></span></p>\r\n<p align=\"justify\" class=\"western\"><span>A C\u00e2mara Municipal de Montes Claros realiza, nesta quinta-feira (31/3), \u00e0s 19h, sess\u00e3o especial em homenagem ao centen\u00e1rio do Partido Comunista do Brasil (PCdoB). O evento \u00e9 de iniciativa do vereador Daniel Dias, que \u00e9 membro do partido.</span></p>\r\n<p align=\"justify\" class=\"western\"><span>No dia 25 de mar\u00e7o foi celebrado o cem anos da funda\u00e7\u00e3o do PCdoB. Segundo o vereador Daniel Dias, o partido \u00e9 o mais antigo do pa\u00eds em atividade, e foi reformulado em 1962 adotando a sigla PCdoB.</span></p>\r\n<p align=\"justify\" class=\"western\"><span>Para participar presencialmente do evento, o cidad\u00e3o pode se cadastrar pelo telefone: (38) 3690-5432; pelo WhatsApp: (38) 99118-7666, ou pelo e-mail: </span><a href=\"mailto:gerencia@montesclaros.mg.leg.br\">gerencia@montesclaros.mg.leg.br</a><span>.</span></p>\r\n<p align=\"justify\" class=\"western\"><span><span>Seguindo os protocolos de preven\u00e7\u00e3o ao novo coronav\u00edrus, para acesso ao Plen\u00e1rio o cidad\u00e3o dever\u00e1 apresentar o cart\u00e3o de vacina que comprove a imuniza\u00e7\u00e3o contra a Covid-19, usar m\u00e1scara de prote\u00e7\u00e3o facial e manter o distanciamento. Na entrada tamb\u00e9m haver\u00e1 aferi\u00e7\u00e3o de temperatura.</span></span></p>\r\n<p align=\"justify\" class=\"western\"><span><span>A audi\u00eancia tamb\u00e9m ser\u00e1 transmitida, ao vivo pela TV C\u00e2mara canal 5.3 e pelo YouTube: /tvcamamaramontesclaros.</span></span></p>\r\n<p align=\"justify\" class=\"western\"><span><span><span>_________________________________________</span><br /><strong>C\u00e2mara Municipal de Montes Claros</strong><br /><span>Assessoria de Comunica\u00e7\u00e3o Social</span><br /><span>Contatos:(38) 3690-5504 | 3690-5506 \u2013\u00a0</span><a class=\"email-link\" href=\"mailto:ascom@montesclaros.mg.leg.br\" target=\"_self\" title=\"\">ascom@montesclaros.mg.leg.br</a><br /><span>Facebook:\u00a0</span><a class=\"external-link\" href=\"http://ascom@montesclaros.mg.leg.br/\" target=\"_blank\" title=\"\">www.facebook.com/camaramoc</a><br /><span>Twitter:</span><a class=\"external-link\" href=\"https://twitter.com/camaramoc\" target=\"_blank\" title=\"\">\u00a0https://twitter.com/camaramoc</a><br /><span>Instagram:\u00a0</span><a class=\"external-link\" target=\"_blank\" title=\"\">www.instagram.com/camaramoc</a><br /><a class=\"external-link\" href=\"https://montesclaros.mg.leg.br/\" target=\"_blank\" title=\"\">https://montesclaros.mg.leg.br</a></span></span></p>\r\n<p align=\"justify\" class=\"western\">\u00a0</p>", "author_name": "", "version": "1.0", "author_url": "https://www.montesclaros.mg.leg.br/author/selma", "provider_name": "Montes Claros", "type": "rich"}