{"provider_url": "https://www.montesclaros.mg.leg.br", "title": "C\u00e2mara retoma reuni\u00f5es das quintas-feiras", "html": "<p align=\"justify\"><span><span>Por Selma Gon\u00e7alves<br /></span></span></p>\r\n<p align=\"justify\"><span><span>Com a diminui\u00e7\u00e3o dos casos de Covid-19 e em acordo com o <span>plano municipal \u201cAVAN\u00c7A MOC, COM RESPONSABILIDADE\u201d; </span><span>as sess\u00f5es das quintas-</span><span>feiras</span><span>, suspensas </span><span>por quase dois anos, </span><span>v</span><span>oltaram </span><span>neste dia 07. </span></span></span></p>\r\n<p align=\"justify\"><span><span><span>A presen</span><span>\u00e7</span><span>a do p\u00fablico tamb\u00e9m est\u00e1 autorizada, mas mediante agendamen</span><span>to feito </span><span>por telefone.</span></span></span></p>\r\n<p align=\"justify\"><span><span><span>Sem projetos para discuss\u00e3o e vota\u00e7\u00e3o, a primeira parte da sess\u00e3o, usada para tratar assuntos gerais, foi suprimida passando a discuss\u00e3o e vota\u00e7\u00e3o de sete requerimentos. </span><span>Todos </span><span>foram aprovados e</span><span> </span><span>referem a</span><span> \u00e1rea de infraestrutura.</span></span></span></p>\r\n<p align=\"justify\"><span><span><span>Dois dos requerimentos s\u00e3o do</span><span> vereador Rodrigo (Rede) que pediu a coloca\u00e7\u00e3o de placa de identifica\u00e7\u00e3o na entrada do bairro S\u00e3o Geraldo II e a coloca\u00e7\u00e3o de muretas de prote\u00e7\u00e3o na avenida Vicente Guimar\u00e3es, a partir do cruzamento com a avenida Cula Mangabeira.</span></span></span></p>\r\n<p align=\"justify\"><span><span><span>Vereador Wilton Dias (PTB) solicitou a ado\u00e7\u00e3o de medidas necess\u00e1rias para a extens\u00e3o da rede el\u00e9trica ligando o bairro S\u00e3o Geraldo II \u00e0 BR-365.</span></span></span></p>\r\n<p align=\"justify\"><span><span><span>Edson Pereira (PV) falou sobre a dificuldade dos moradores do distrito de Canto do Engenho buscar atendimento m\u00e9dico. </span><span>De acordo com o parlamentar, eles precisam percorrer quase 30 quil\u00f4metros para receber assist\u00eancia </span><span>no bairro S\u00e3o Geraldo II </span><span>e, por isso, solicitou </span><span>a constru\u00e7\u00e3o de uma unidade de sa\u00fade </span><span>em Canto do Engenho.</span></span></span></p>\r\n<p align=\"justify\"><span><span><span>Edmilson Bispo (PDS), </span><span>s</span><span>olicit</span><span>ou</span><span> a pavimenta\u00e7\u00e3o asf\u00e1ltica das ruas 20, 22, 30 e 38, no bairro jardim Ol\u00edmpico.</span></span></span></p>\r\n<p align=\"justify\"><b>ACESSIBILIDADE</b><span><span><b><span></span></b></span></span></p>\r\n<p align=\"justify\"><span><span><span>Elogiando a pista de caminhada \u201cCaminhos da C\u00e9\u201d ao longo da avenida S\u00e3o Judas, Daniel Dias (PC do B), </span><span>alertou sobre a necessidade de uma rampa para melhor acesso \u00e0 pista. </span></span></span></p>\r\n<p align=\"justify\"><span><span><span>Vereador Manoel Stalin (Podemos) alertando sobre a situa\u00e7\u00e3o da Pra\u00e7a Jo\u00e3o Paulo II e da quadra esportiva no bairro Ant\u00f4nio Pimenta, pediu a reforma e revitaliza\u00e7\u00e3o das mesmas.</span></span></span></p>\r\n<p align=\"justify\">\u00a0<span><span><span><span><span>______________________________________</span><br /><span>C\u00e2mara Municipal de Montes Claros</span><br /><span>Assessoria de Comunica\u00e7\u00e3o Social</span><br /><span>Contatos:(38) 3690-5504 | 3690-5506 \u2013\u00a0</span><a href=\"http://ascom@montesclaros.mg.leg.br/\" target=\"_blank\"><span>ascom@montesclaros.mg.leg.br</span></a><br /><span>Facebook:</span><a target=\"_blank\"><span>\u00a0www.facebook.com/camaramoc</span></a><br /><span>Twitter:\u00a0</span><a href=\"https://twitter.com/camaramoc\" target=\"_blank\"><span>https://twitter.com/camaramoc</span></a><br /><span>Instagram:\u00a0</span><a href=\"https://twitter.com/camaramoc\" target=\"_blank\"><span>www.instagram.com/camaramoc</span></a><br /><a href=\"https://www.montesclaros.mg.leg.br/\" target=\"_self\"><span>https://montesclaros.mg.leg.br</span></a></span></span></span></span></p>\r\n<p align=\"justify\">\u00a0</p>\r\n<p align=\"justify\">\u00a0</p>\r\n<p align=\"justify\">\u00a0</p>", "author_name": "", "version": "1.0", "author_url": "https://www.montesclaros.mg.leg.br/author/selma", "provider_name": "Montes Claros", "type": "rich"}