{"provider_url": "https://www.montesclaros.mg.leg.br", "title": "C\u00e2mara realiza duas sess\u00f5es especiais", "html": "<p align=\"left\" class=\"western\"><span><span><span><span><span><span><span>Por Rayhanne Tallis</span></span></span></span></span></span></span></p>\r\n<p align=\"justify\" class=\"western\"><span><span><span><span><span><span><span>A C\u00e2mara Municipal de Montes Claros realiza nesta seman</span></span></span></span></span></span></span><span><span><span><span><span><span><span>a</span></span></span></span></span></span></span><span><span><span><span><span><span><span> </span></span></span></span></span></span></span><span><span><span><span><span><span><span>duas sess\u00f5es especiais,</span></span></span></span></span></span></span><span><span><span><span><span><span><span> al\u00e9m d</span></span></span></span></span></span></span><span><span><span><span><span><span><span>a</span></span></span></span></span></span></span><span><span><span><span><span><span><span> reuni\u00e3o ordin\u00e1ria na ter\u00e7a-feira (</span></span></span></span></span></span></span><span><span><span><span><span><span><span>4/</span></span></span></span></span></span></span><span><span><span><span><span><span><span>6</span></span></span></span></span></span></span><span><span><span><span><span><span><span>), \u00e0s </span></span></span></span></span></span></span><span><span><span><span><span><span><span>7</span></span></span></span></span></span></span><span><span><span><span><span><span><span>h45.</span></span></span></span></span></span></span></p>\r\n<p align=\"justify\" class=\"western\"><span><span><span><span><span><span><span>Na </span></span></span></span></span></span></span><span><span><span><span><span><span><span>quarta</span></span></span></span></span></span></span><span><span><span><span><span><span><span>-feira (</span></span></span></span></span></span></span><span><span><span><span><span><span><span>05</span></span></span></span></span></span></span><span><span><span><span><span><span><span>), \u00e0s 19h, haver\u00e1 sess\u00e3o especial para homenage</span></span></span></span></span></span></span><span><span><span><span><span><span><span>ar a </span></span></span></span></span></span></span><em><span><span><span><span><span><span><span>11</span></span></span></span></span></span></span></em><span><span><span><span><span><span><span>\u00b0 Subse\u00e7\u00e3o </span></span></span></span></span></span></span><span><span><span><span><span><span><span> </span></span></span></span></span></span></span><span><span><span><span><span><span><span>da</span></span></span></span></span></span></span><span><span><span><span><span><span><span> Ordem dos Advogados do Brasil </span></span></span></span></span></span></span><span><span><span><span><span><span><span>- </span></span></span></span></span></span></span><span><span><span><span><span><span><span>OAB </span></span></span></span></span></span></span><span><span><span><span><span><span><span>. </span></span></span></span></span></span></span><span><span><span><span><span><span><span>A proposi\u00e7\u00e3o \u00e9 da vereadora Iara Pimentel (PT), </span></span></span></span></span></span></span><span><span><span><span><span><span><span>que justifica a comemora\u00e7\u00e3o pelos 94 anos da entidade em defesa da Constitui\u00e7\u00e3o e da ordem jur\u00eddica de um Estado Democr\u00e1tico de Direito e a promo\u00e7\u00e3o dos direitos humanos.</span></span></span></span></span></span></span></p>\r\n<p align=\"justify\" class=\"western\"><span><span><span><span><span><span><span>Em Montes Claros, a 11\u00aa Subse\u00e7\u00e3o da Ordem dos Advogados do Brasil foi instalada em 1937, ano em que foram implantadas as 12 primeiras Subse\u00e7\u00f5es do Estado de Minas Gerais. \u201cA promo\u00e7\u00e3o da justi\u00e7a e o estreitamento dos la\u00e7os com a comunidade se destacam em a\u00e7\u00f5es como a \u2018OAB na Pra\u00e7</span></span></span></span></span></span></span><span><span><span><span><span><span><span>A</span></span></span></span></span></span></span><span><span><span><span><span><span><span>\u2019, um evento singular que oferece a advogados e advogadas a oportunidade de atendimento jur\u00eddico gratuito \u00e0 popula\u00e7\u00e3o local\u201d, </span></span></span></span></span></span></span><span><span><span><span><span><span><span>justifica a proponente.</span></span></span></span></span></span></span></p>\r\n<p align=\"justify\" class=\"western\"><span><span><span><span><span><span><span></span></span></span></span></span></span></span><span>Na </span><span>quinta</span><span>-feira (</span><span>06</span><span>), \u00e0s 19h, por solicita\u00e7\u00e3o </span><span>da</span><span> vereador</span><span>a</span><span> </span><span>Maria Helena </span><span> (</span><span>MDB</span><span>)</span><span>, acontecer\u00e1 sess\u00e3o especial para entrega de T\u00edtulo de Cidad\u00e3 Benem\u00e9rita </span><span>\u00e0</span><span> Raquel Souto Chaves, pelos relevantes servi\u00e7os prestados ao munic\u00edpio de Montes Claros. </span><span>Entre eles, </span><span>se destacam a </span><span>f</span><span>unda</span><span>\u00e7\u00e3o</span><span> da ONG Amigos dos Catop\u00eas, Marujos e Caboclinhos\", </span><span>onde \u00e9 a</span><span> 1\u00aa Mulher do 1\u00ba Terno de Catop\u00eas de Nossa Senhora do Ros\u00e1rio; </span><span>\u00e9</span><span> </span><span>m</span><span>embro da Academia Feminina de Letras de Montes Claros; </span><span>\u00e9 d</span><span>iretora da R\u00e1dio Montes Claros 98 FM, a 1\u00aa emissora de r\u00e1dio FM do Norte de Minas </span><span>e escritora.</span></p>\r\n<p align=\"justify\" class=\"western\"><span><span><span><span><span><span><span></span></span></span></span></span></span></span><span>Os eventos tamb\u00e9m ser\u00e3o transmitidos, ao vivo pela TV C\u00e2mara canal 5.3 e pelo YouTube: /tvcamamaramontesclaros.</span></p>\r\n<p align=\"left\" class=\"western\"><span><span><span><span><span><span><span>C\u00e2mara Municipal de Montes Claros</span></span></span></span></span></span></span><span><span><span><span><span><span><b><br /> </b></span></span></span></span></span></span><span><span><span><span><span><span><span>Assessoria de Comunica\u00e7\u00e3o Social<br /> Contatos:(38) 3690-5504 | 3690-5506 \u2013ascom@montesclaros.mg.leg.br<br /> Facebook\u00a0</span></span></span></span></span></span></span><span><a href=\"http://www.facebook.com/camaramoc\" target=\"_blank\"><span><span><span><span><span><span><span><span><span>www.facebook.com/camaramoc<br /> </span></span></span></span></span></span></span></span></span></a></span><span><span><span><span><span><span><span>Twitter:</span></span></span></span></span></span></span><span><a href=\"https://twitter.com/camaramoc\" target=\"_blank\"><span><span><span><span><span><span><span><span><span>https://twitter.com/camaramoc<br /> </span></span></span></span></span></span></span></span></span></a></span><span><span><span><span><span><span><span>Instagram:</span></span></span></span></span></span></span><span><span><span><span><span><span><span><span><span><span><a href=\"http://www.instagram.com/camaramoc\" target=\"_blank\">www.instagram.com/camaramoc<br /> </a><a href=\"https://montesclaros.mg.leg.br/\" target=\"_blank\">https://montesclaros.mg.leg.br</a></span></span></span></span></span></span></span></span></span></span></p>\r\n<p class=\"western\">\u00a0</p>", "author_name": "", "version": "1.0", "author_url": "https://www.montesclaros.mg.leg.br/author/rayhanne.tallis", "provider_name": "Montes Claros", "type": "rich"}