{"provider_url": "https://www.montesclaros.mg.leg.br", "title": "C\u00e2mara promove dois eventos nesta semana", "html": "<p><span>Por Christine Antonini</span></p>\r\n<p>Al\u00e9m da sess\u00e3o ordin\u00e1ria desta ter\u00e7a-feira (26/11), a C\u00e2mara Municipal de Montes Claros promove duas sess\u00f5es especiais \u2013 sendo uma na quinta (28/11) e outra na sexta-feira (29/11). N\u00e3o h\u00e1 projetos na pauta da reuni\u00e3o de amanh\u00e3 \u2013 os vereadores votar\u00e3o em requerimentos e usar\u00e3o o tempo na Tribuna para discutir sobre quest\u00f5es da cidade.</p>\r\n<p>De iniciativa do vereador Wilton Dias (Avante), na quinta-feira, a Casa Legislativa entrega T\u00edtulo de Cidad\u00e3o Honor\u00e1rio ao desembargador Leopoldo Mameluque \u2013 o evento come\u00e7a \u00e0s 19h.</p>\r\n<p>J\u00e1 na sexta-feira, \u00e0s 19h, a Academia Feminina de Letras de Montes Claros ser\u00e1 homenageada pelos 15 anos de relevantes servi\u00e7os prestados \u2013 o evento \u00e9 de autoria do vereador Soter Magno (PSD).</p>\r\n<p>\u00a0</p>\r\n<p>Confira a agenda &lt;<a class=\"external-link\" href=\"https://www.montesclaros.mg.leg.br/event_listing?mode=week&amp;date=2024-11-25\" target=\"_self\" title=\"\">AQUI</a>&gt;</p>\r\n<p>_______________________________</p>\r\n<p class=\"western\"><span><span><b>C\u00e2mara Municipal de Montes Claros</b></span></span><span><span><br /> Assessoria de Comunica\u00e7\u00e3o Social<br /> Contatos:(38) 3690-5504 | 3690-5506 \u2013 ascom@montesclaros.mg.leg.br<br /> Facebook: www.facebook.com/camaramoc<br /> Twitter: https://twitter.com/camaramoc<br /> Instagram: www.instagram.com/camaramoc<br /> Site: https://montesclaros.mg.leg.br</span></span></p>", "author_name": "", "version": "1.0", "author_url": "https://www.montesclaros.mg.leg.br/author/mariana.vitorino", "provider_name": "Montes Claros", "type": "rich"}