{"provider_url": "https://www.montesclaros.mg.leg.br", "title": "C\u00e2mara promove audi\u00eancia p\u00fablica", "html": "<p style=\"text-align: justify; \"><em>Por Christine Antonini</em></p>\r\n<p style=\"text-align: justify; \">Al\u00e9m da sess\u00e3o ordin\u00e1ria desta ter\u00e7a-feira (4/2), a C\u00e2mara de Montes Claros promove uma audi\u00eancia p\u00fablica, de iniciativa do vereador Eduardo Preto (Pode), para discutir sobre melhorias estruturais para o Conselho Tutelar da cidade. A audi\u00eancia ser\u00e1 realizada na quinta-feira (6/2), \u00e0s 8h30.</p>\r\n<p style=\"text-align: justify; \">Ser\u00e1 votado o projeto de resolu\u00e7\u00e3o n\u00b07/2025, que cria a Frente Parlamentar do Empreendedor. A pasta tem o intuito de organizar e propor pol\u00edticas p\u00fablicas visando o desenvolvimento da cidade. A proposta \u00e9 do vereador Wilton Dias (Avante).</p>\r\n<p style=\"text-align: justify; \">Al\u00e9m disso, tamb\u00e9m constam na Ordem do Dia, nove requerimentos (podendo entrar mais at\u00e9 o momento da reuni\u00e3o), a maioria deles reivindicam melhorias para Montes Claros.</p>\r\n<p style=\"text-align: justify; \">Na quinta-feira, \u00e0s 8h30, a Casa Legislativa promove audi\u00eancia p\u00fablica para discutir adequa\u00e7\u00e3o na estrutura para as unidades do Conselho Tutelar da cidade, bem como discutir melhorias salariais e de trabalho. O evento \u00e9 de iniciativa do vereador Eduardo Preto.</p>\r\n<p style=\"text-align: justify; \">Confira a agenda completa <a title=\"\" href=\"https://www.montesclaros.mg.leg.br/institucional/eventos/reuniao-de-homenagem-ao-projeto-escolinha-de-futsal-xv-de-novembro-do-maracana/audiencia-publica-201cmelhorias-estruturais-para-o-conselho-tutelar201d\" class=\"external-link\" target=\"_self\">&lt;AQUI&gt;</a></p>\r\n<p style=\"text-align: justify; \">\u00a0</p>\r\n<p style=\"text-align: justify; \">\u00a0</p>\r\n<p align=\"justify\" class=\"western\" style=\"text-align: justify; \"><span>____________________________________________</span></p>\r\n<p class=\"western\" style=\"text-align: justify; \"><b>C\u00e2mara Municipal de Montes Claros</b><br /> Assessoria de Comunica\u00e7\u00e3o Social<br /> Contatos:(38) 3690-5504 | 3690-5506 \u2013<a href=\"mailto:ascom@montesclaros.mg.leg.br\" target=\"_self\">ascom@montesclaros.mg.leg.br</a><br /> Facebook\u00a0<a href=\"http://www.facebook.com/camaramoc\" target=\"_blank\">www.facebook.com/camaramoc</a><br /> Twitter:<a href=\"https://twitter.com/camaramoc\" target=\"_blank\">https://twitter.com/camaramoc</a><br /> Instagram:<a href=\"http://www.instagram.com/camaramoc\" target=\"_blank\">www.instagram.com/camaramoc</a><br /> <a href=\"https://montesclaros.mg.leg.br/\" target=\"_blank\">https://montesclaros.mg.leg.br</a></p>", "author_name": "", "version": "1.0", "author_url": "https://www.montesclaros.mg.leg.br/author/cristine", "provider_name": "Montes Claros", "type": "rich"}