{"provider_url": "https://www.montesclaros.mg.leg.br", "title": "C\u00e2mara pede vacina\u00e7\u00e3o para lactantes", "html": "<p>Por SELMA GON\u00c7ALVES</p>\r\n<p style=\"text-align: justify; \">Uma dose que pode salvar duas vidas. Este foi um dos argumentos usados pela vereadora Maria Helena (MDB) para pedir a vacina\u00e7\u00e3o contra a Covid-19 tamb\u00e9m para as lactantes. O requerimento subscrito por todos os parlamentares presentes foi encaminhado ao prefeito e \u00e0 secret\u00e1ria de Sa\u00fade.</p>\r\n<p style=\"text-align: justify; \">De acordo com a vereadora Maria Helena foi uma grande vit\u00f3ria a inclus\u00e3o das gestantes e pu\u00e9rperas na lista priorit\u00e1ria para vacina\u00e7\u00e3o, mas alertou ao munic\u00edpio sobre a necessidade de vacinar tamb\u00e9m as lactantes. \u201cA Organiza\u00e7\u00e3o Mundial de Sa\u00fade - OMS preconiza que nos primeiros seis meses a amamenta\u00e7\u00e3o seja exclusiva, exigindo um contato permanente e intenso com o beb\u00ea, e o beb\u00ea deve continuar ser amamentado por, pelo menos, dois anos. Por isso, a import\u00e2ncia da inclus\u00e3o dessas m\u00e3es lactantes na vacina\u00e7\u00e3o contra a Covid-19. Lembrando que com uma dose estamos vacinando duas pessoas\u201d, destacou a vereadora.</p>\r\n<p style=\"text-align: justify; \">No in\u00edcio do m\u00eas, Minas Gerais recebeu o 1\u00ba lote de vacinas da Pfizer/Biontech, enviadas pelo Minist\u00e9rio da Sa\u00fade. As 50.310 doses foram destinadas \u00e0 imuniza\u00e7\u00e3o de indiv\u00edduos com comorbidades como diabetes, doen\u00e7a renal cr\u00f4nica, obesidade m\u00f3rbida, arritmia card\u00edaca, s\u00edndrome de down, gr\u00e1vidas, mulheres que deram \u00e0 luz h\u00e1 at\u00e9 45 dias, entre outras. A proposta, agora, \u00e9 convencer munic\u00edpio e estender a vacina tamb\u00e9m \u00e0s lactantes.</p>\r\n<p align=\"center\" class=\"Standard\" style=\"text-align: justify; \"><span>\u00a0<span>____________________________________________________</span><br /><span>C\u00e2mara Municipal de Montes Claros</span><br /><span>Assessoria de Comunica\u00e7\u00e3o Social</span><br /><span>Contatos: (38) 3690-5506 \u2013 ascom@montesclaros.mg.leg.br</span><br /><span>Facebook: www.facebook.com/camaramoc</span><br /><span>Twitter: https://twitter.com/camaramoc</span><br /><span>Instagram: www.instagram.com/camaramoc</span><br /><span>https://montesclaros.mg.leg.br</span></span></p>", "author_name": "", "version": "1.0", "author_url": "https://www.montesclaros.mg.leg.br/author/jerusia", "provider_name": "Montes Claros", "type": "rich"}