{"provider_url": "https://www.montesclaros.mg.leg.br", "title": "C\u00e2mara lan\u00e7a o programa Caf\u00e9 com Vereador", "html": "<p align=\"left\" class=\"western\" style=\"text-align: justify; \"><span><span><span><span><span><span><span><span><span>Por Arthur Amorim Jr.</span></span></span></span></span></span></span></span></span></p>\r\n<p align=\"left\" class=\"western\" style=\"text-align: justify; \"><span>A C\u00e2mara Municipal de Montes Claros </span><span>inicia o ano de 2023, com novidade em sua grade de programa\u00e7\u00e3o, na TV C\u00e2mara, com o lan\u00e7amento do </span><span>programa Caf\u00e9 com Vereador. Nesta primeira fase do programa est\u00e3o sendo entrevistados os membros da Mesa Diretora - o presidente da Casa J\u00fanior Martins (Cidadania), a vice-presidente Maria Helena Lopes (MDB), o 1\u00ba secret\u00e1rio Igor Dias (Uni\u00e3o Brasil), e o 2\u00ba secret\u00e1rio Wilton Dias (PTB).</span></p>\r\n<p align=\"left\" class=\"western\" style=\"text-align: justify; \"><span>O projeto Caf\u00e9 com Vereador \u00e9 uma iniciativa do departamento de comunica\u00e7\u00e3o da C\u00e2mara Municipal de Montes Claros, com o objetivo de aproximar a popula\u00e7\u00e3o das atividades legislativas, entrevistando todos os parlamentares da Casa. </span><span>Todos os 23 vereadores da Casa ser\u00e3o entrevistados e ter\u00e3o </span><span>a oportunidade de falar sobre os seus projetos e esclarecer as d\u00favidas dos cidad\u00e3os montes-clarenses.</span></p>\r\n<p align=\"left\" class=\"western\" style=\"text-align: justify; \"><span>O programa Caf\u00e9 com Vereador vai ao ar \u00e0s segundas, quartas e sextas \u00e0s 09:30 da manh\u00e3 com reprise \u00e0s 18 horas pela TV C\u00e2mara, canal 5.3. Assista tamb\u00e9m pelo youtube no canal da TV C\u00e2mara.</span></p>\r\n<p align=\"left\" class=\"western\" style=\"text-align: justify; \">\u00a0<span>________</span></p>\r\n<p style=\"text-align: justify; \"><span><span><span><span><span><span><span><b>C\u00e2mara Municipal de Montes Claros</b></span></span></span></span></span></span></span><span><br /></span><span>Assessoria de Comunica\u00e7\u00e3o Social</span><span><br /></span><span>Contatos:(38) 3690-5504 | 3690-5506 \u2013</span><span><span><span><span><span><span><span><span><span><a href=\"mailto:ascom@montesclaros.mg.leg.br\" target=\"_self\">ascom@montesclaros.mg.leg.br</a></span></span></span></span></span></span></span></span></span><span><br /></span><span>Facebook\u00a0</span><span><span><span><span><span><span><span><span><span><a href=\"http://www.facebook.com/camaramoc\" target=\"_blank\">www.facebook.com/camaramoc</a></span></span></span></span></span></span></span></span></span><span><br /></span><span>Twitter:</span><span><span><span><span><span><span><span><span><span><a href=\"https://twitter.com/camaramoc\" target=\"_blank\">https://twitter.com/camaramoc</a></span></span></span></span></span></span></span></span></span><span><br /></span><span>Instagram:</span><span><span><span><span><span><span><span><span><span><a href=\"http://www.instagram.com/camaramoc\" target=\"_blank\">www.instagram.com/camaramoc</a></span></span></span></span></span></span></span></span></span><span><br /></span><span><span><span><span><span><span><span><span><span><span><a href=\"https://montesclaros.mg.leg.br/\" target=\"_blank\">https://montesclaros.mg.leg.br</a></span></span></span></span></span></span></span></span></span></span></p>", "author_name": "", "version": "1.0", "author_url": "https://www.montesclaros.mg.leg.br/author/athur", "provider_name": "Montes Claros", "type": "rich"}