{"provider_url": "https://www.montesclaros.mg.leg.br", "title": "C\u00e2mara institui Procuradoria da Mulher", "html": "<p style=\"text-align: justify; \"><em>\u00a0Por Christine Antonini</em></p>\r\n<p style=\"text-align: justify; \">Foi aprovado, durante a sess\u00e3o ordin\u00e1ria desta ter\u00e7a-feira (21/1), na C\u00e2mara de Vereadores, o projeto de resolu\u00e7\u00e3o n\u00b02/2025, de iniciativa da vereadora Maria Helena Lopes (MDB), que institui a Procuradoria da Mulher no \u00e2mbito do Legislativo. Um dos objetivos do projeto \u00e9 receber, examinar e encaminhar aos \u00f3rg\u00e3os competentes den\u00fancias de viol\u00eancia e discrimina\u00e7\u00e3o contra a mulher.</p>\r\n<p style=\"text-align: justify; \">De acordo com o projeto, o \u00f3rg\u00e3o independente, formado por procuradoras vereadoras, contar\u00e1 com o suporte t\u00e9cnico da C\u00e2mara Municipal, indicado pelo presidente da Casa Legislativa, para secretariar os seus trabalhos, contribuindo com a implanta\u00e7\u00e3o e implementa\u00e7\u00e3o de pol\u00edticas p\u00fablicas municipais de equidade.</p>\r\n<p style=\"text-align: justify; \">\u201cA procuradoria ser\u00e1 mais um \u00f3rg\u00e3o de amparo \u00e0 mulher v\u00edtima de qualquer tipo de abuso. Um lugar que ela receber\u00e1 acolhimento. Queremos promover pesquisas e estudos sobre viol\u00eancia e discrimina\u00e7\u00e3o contra a mulher, bem como acerca de seu deficit de representa\u00e7\u00e3o na pol\u00edtica para subsidiar pol\u00edticas p\u00fablicas\u201d, defendeu a autora do projeto, vereadora Maria Helena.</p>\r\n<p style=\"text-align: justify; \">Tamb\u00e9m de iniciativa da vereadora Maria Helena Lopes, foi aprovado o projeto n\u00b05/2025, que altera o regimento interno da Casa Legislativa. Com a aprova\u00e7\u00e3o da pasta, cada vereador poder\u00e1 (anualmente) conceder somente quatro honrarias institu\u00eddas pela C\u00e2mara Municipal de Montes Claros. Al\u00e9m disso, fica impedida a proposi\u00e7\u00e3o de homenagem via requerimento, exceto as institu\u00eddas por resolu\u00e7\u00e3o. Antes da altera\u00e7\u00e3o do projeto, os parlamentares podiam conceder duas homenagens, no entanto, outras honrarias eram feitas atrav\u00e9s de requerimentos.</p>\r\n<p style=\"text-align: justify; \">\u201cA Casa n\u00e3o tinha a previs\u00e3o anual de quantas homenagens seriam entregues ao longo do ano e sabemos que isso gera gasto. Agora, teremos essa previs\u00e3o\u201d, defendeu a parlamentar.</p>\r\n<p style=\"text-align: justify; \">Outros dois projetos foram aprovados durante a sess\u00e3o ordin\u00e1ria, o primeiro de autoria do vereador Odair Ferreira (Uni\u00e3o), concede T\u00edtulo de Cidad\u00e3 Honor\u00e1ria \u00e0 educadora Euna Duarte Guimar\u00e3es.</p>\r\n<p style=\"text-align: justify; \">A outra proposta concede T\u00edtulo Declarat\u00f3rio de Utilidade P\u00fablica para o Instituto de Desenvolvimento de Sa\u00fade S\u00e3o Jos\u00e9. A institui\u00e7\u00e3o est\u00e1 sendo criada para dar suporte ao antigo Hospital Prontocor \u2013 o projeto \u00e9 de iniciativa do vereador Marcos Nem (Pode). A concess\u00e3o de Utilidade P\u00fablica possibilita \u00e0 entidade firmar conv\u00eanios com o Poder P\u00fablico e reivindicar, nos \u00f3rg\u00e3os competentes, isen\u00e7\u00e3o de contribui\u00e7\u00f5es destinadas \u00e0 seguridade social e pagamento de taxas cobradas por cart\u00f3rios.</p>\r\n<p style=\"text-align: justify; \">Tamb\u00e9m foi aprovado o projeto n\u00b06/2025, de iniciativa do prefeito Guilherme Guimar\u00e3es, que autoriza o Poder Executivo a abrir cr\u00e9dito adicional especial ao or\u00e7amento vigente, no valor de 249.356.361,99 para a implanta\u00e7\u00e3o das novas secretarias municipais e readequa\u00e7\u00e3o das j\u00e1 existentes.</p>\r\n<p style=\"text-align: justify; \">\u00a0</p>\r\n<p style=\"text-align: justify; \">\u00a0</p>\r\n<p align=\"justify\" class=\"western\" style=\"text-align: justify; \"><span><span>________________________________</span></span></p>\r\n<p class=\"western\" style=\"text-align: justify; \"><span><span><span><span><span><span><b>C\u00e2mara Municipal de Montes Claros</b></span></span></span></span></span></span><span><span><span><span><span><span><span><br /> Assessoria de Comunica\u00e7\u00e3o Social<br /> Contatos:(38) 3690-5504 | 3690-5506 \u2013 </span></span></span></span></span></span></span><span><a href=\"mailto:ascom@montesclaros.mg.leg.br\" target=\"_blank\"><span><span><span><span><span><span><span><span><span>ascom@montesclaros.mg.leg.br</span></span></span></span></span></span></span></span></span></a></span><span><span><span><span><span><span><span><br /> Facebook</span></span></span></span></span></span></span><span><a href=\"http://www.facebook.com/camaramoc\" target=\"_blank\"><span><span><span><span><span><span><span><span><span>www.facebook.com/camaramoc</span></span></span></span></span></span></span></span></span></a></span><span><span><span><span><span><span><span><br /> Twitter: https</span></span></span></span></span></span></span><span><a href=\"https://twitter.com/camaramoc\" target=\"_blank\"><span><span><span><span><span><span><span><span><span>://twitter.com/camaramoc</span></span></span></span></span></span></span></span></span></a></span><span><span><span><span><span><span><span><br /> Instagram: www</span></span></span></span></span></span></span><span><a href=\"http://www.instagram.com/camaramoc\" target=\"_blank\"><span><span><span><span><span><span><span><span><span>.instagram.com/camaramoc</span></span></span></span></span></span></span></span></span></a></span><span><span><span><span><span><span><span><br /> Site: </span></span></span></span></span></span></span><span><a href=\"https://montesclaros.mg.leg.br/\" target=\"_blank\"><span><span><span><span><span><span><span><span><span>https://montesclaros.mg.leg.br</span></span></span></span></span></span></span></span></span></a></span></p>\r\n<p style=\"text-align: justify; \">\u00a0</p>", "author_name": "", "version": "1.0", "author_url": "https://www.montesclaros.mg.leg.br/author/cristine", "provider_name": "Montes Claros", "type": "rich"}